{"id":329,"date":"2024-08-29T18:37:53","date_gmt":"2024-08-29T16:37:53","guid":{"rendered":"https:\/\/nomacomunicacion.com\/?p=329"},"modified":"2025-01-18T22:11:51","modified_gmt":"2025-01-18T21:11:51","slug":"mitos-sobre-las-redes-sociales","status":"publish","type":"post","link":"https:\/\/nomacomunicacion.com\/en\/2024\/08\/29\/mitos-sobre-las-redes-sociales\/","title":{"rendered":"MITOS SOBRE LAS REDES SOCIALES"},"content":{"rendered":"<p>Hoy os contamos algunos de los mitos que corren a cerca de las redes sociales (<em>RR. SS.<\/em>) que tienen que ver con la gesti\u00f3n y creaci\u00f3n de una marca personal. Desde NOMA comunicaci\u00f3n tenemos claro que la gesti\u00f3n de las redes sociales para la creaci\u00f3n de un negocio o marca personal es uno de los aspectos m\u00e1s importantes de analizar para dejar una huella digital.<br>Algunos de ellos son:<br>\u2022 Pensar que las redes sociales son gratuitas. Aunque crear una cuenta en la mayor\u00eda de las plataformas de redes sociales no tiene costo, gestionar una presencia efectiva puede requerir una inversi\u00f3n en tiempo y recursos.<br>\u2022 Tener m\u00e1s seguidores significa m\u00e1s \u00e9xito. Tener un gran n\u00famero de seguidores no garantiza el \u00e9xito en las redes sociales, ser\u00e1 la calidad de la audiencia y su nivel de compromiso lo m\u00e1s importante a conseguir.<br>\u2022 Las redes sociales son solo para los j\u00f3venes. Hoy en d\u00eda, personas de todas las edades usan estas plataformas, por lo que nunca es tarde para tener presencia digital, la edad no es un problema.<br>\u2022 Las redes sociales no son \u00fatiles para negocios B2B. Plataformas como LinkedIn est\u00e1n dise\u00f1adas espec\u00edficamente para conexiones profesionales y negocios B2B.<br>\u2022 El contenido debe ser siempre perfecto y profesional. Sin embargo, el contenido que parece demasiado profesional puede a veces parecer despersonalizado. Los usuarios suelen apreciar tambi\u00e9n la autenticidad y transparencia de la gente a la que siguen.<br>Desenmascarar estos mitos sobre las <em>RR. SS. <\/em>nos permite utilizarlas de manera m\u00e1s informada y efectiva, aprovechando al m\u00e1ximo su potencial.<\/p>","protected":false},"excerpt":{"rendered":"<p>Hoy os contamos algunos de los mitos que corren a cerca de las redes sociales (RR. SS.) que tienen que ver con la gesti\u00f3n y creaci\u00f3n de una marca personal&#8230;.<\/p>","protected":false},"author":2,"featured_media":331,"comment_status":"closed","ping_status":"closed","sticky":false,"template":"","format":"aside","meta":{"footnotes":""},"categories":[12],"tags":[],"class_list":{"0":"post-329","1":"post","2":"type-post","3":"status-publish","4":"format-aside","5":"has-post-thumbnail","7":"category-comunicacion","8":"post_format-post-format-aside"},"yoast_head":"<!-- This site is optimized with the Yoast SEO plugin v24.2 - https:\/\/yoast.com\/wordpress\/plugins\/seo\/ -->\n<title>Mitos sobre las Redes Sociales | NOMA Comunicaci\u00f3n | Marketing<\/title>\n<meta name=\"description\" content=\"Las redes sociales son la realidad social y empresarial de nuestra sociedad, pero es muy importante no caer en los siguientes errores.\" \/>\n<meta name=\"robots\" content=\"index, follow, max-snippet:-1, max-image-preview:large, max-video-preview:-1\" \/>\n<link rel=\"canonical\" href=\"https:\/\/nomacomunicacion.com\/en\/2024\/08\/29\/mitos-sobre-las-redes-sociales\/\" \/>\n<meta property=\"og:locale\" content=\"en_GB\" \/>\n<meta property=\"og:type\" content=\"article\" \/>\n<meta property=\"og:title\" content=\"Mitos sobre las Redes Sociales | NOMA Comunicaci\u00f3n | Marketing\" \/>\n<meta property=\"og:description\" content=\"Las redes sociales son la realidad social y empresarial de nuestra sociedad, pero es muy importante no caer en los siguientes errores.\" \/>\n<meta property=\"og:url\" content=\"https:\/\/nomacomunicacion.com\/en\/2024\/08\/29\/mitos-sobre-las-redes-sociales\/\" \/>\n<meta property=\"og:site_name\" content=\"NOMA Comunicaci\u00f3n | Marketing moda y belleza\" \/>\n<meta property=\"article:published_time\" content=\"2024-08-29T16:37:53+00:00\" \/>\n<meta property=\"article:modified_time\" content=\"2025-01-18T21:11:51+00:00\" \/>\n<meta property=\"og:image\" content=\"https:\/\/nomacomunicacion.com\/wp-content\/uploads\/2024\/08\/RRSS.jpg\" \/>\n\t<meta property=\"og:image:width\" content=\"1200\" \/>\n\t<meta property=\"og:image:height\" content=\"800\" \/>\n\t<meta property=\"og:image:type\" content=\"image\/jpeg\" \/>\n<meta name=\"author\" content=\"Marcos Garc\u00eda\" \/>\n<meta name=\"twitter:card\" content=\"summary_large_image\" \/>\n<meta name=\"twitter:label1\" content=\"Written by\" \/>\n\t<meta name=\"twitter:data1\" content=\"Marcos Garc\u00eda\" \/>\n\t<meta name=\"twitter:label2\" content=\"Estimated reading time\" \/>\n\t<meta name=\"twitter:data2\" content=\"2 minutes\" \/>\n<script type=\"application\/ld+json\" class=\"yoast-schema-graph\">{\"@context\":\"https:\/\/schema.org\",\"@graph\":[{\"@type\":\"WebPage\",\"@id\":\"https:\/\/nomacomunicacion.com\/2024\/08\/29\/mitos-sobre-las-redes-sociales\/\",\"url\":\"https:\/\/nomacomunicacion.com\/2024\/08\/29\/mitos-sobre-las-redes-sociales\/\",\"name\":\"Mitos sobre las Redes Sociales | NOMA Comunicaci\u00f3n | Marketing\",\"isPartOf\":{\"@id\":\"https:\/\/nomacomunicacion.com\/#website\"},\"primaryImageOfPage\":{\"@id\":\"https:\/\/nomacomunicacion.com\/2024\/08\/29\/mitos-sobre-las-redes-sociales\/#primaryimage\"},\"image\":{\"@id\":\"https:\/\/nomacomunicacion.com\/2024\/08\/29\/mitos-sobre-las-redes-sociales\/#primaryimage\"},\"thumbnailUrl\":\"https:\/\/nomacomunicacion.com\/wp-content\/uploads\/2024\/08\/RRSS.jpg\",\"datePublished\":\"2024-08-29T16:37:53+00:00\",\"dateModified\":\"2025-01-18T21:11:51+00:00\",\"author\":{\"@id\":\"https:\/\/nomacomunicacion.com\/#\/schema\/person\/293d1eeff5b2692ed76f8b0d9d559226\"},\"description\":\"Las redes sociales son la realidad social y empresarial de nuestra sociedad, pero es muy importante no caer en los siguientes errores.\",\"breadcrumb\":{\"@id\":\"https:\/\/nomacomunicacion.com\/2024\/08\/29\/mitos-sobre-las-redes-sociales\/#breadcrumb\"},\"inLanguage\":\"en-GB\",\"potentialAction\":[{\"@type\":\"ReadAction\",\"target\":[\"https:\/\/nomacomunicacion.com\/2024\/08\/29\/mitos-sobre-las-redes-sociales\/\"]}]},{\"@type\":\"ImageObject\",\"inLanguage\":\"en-GB\",\"@id\":\"https:\/\/nomacomunicacion.com\/2024\/08\/29\/mitos-sobre-las-redes-sociales\/#primaryimage\",\"url\":\"https:\/\/nomacomunicacion.com\/wp-content\/uploads\/2024\/08\/RRSS.jpg\",\"contentUrl\":\"https:\/\/nomacomunicacion.com\/wp-content\/uploads\/2024\/08\/RRSS.jpg\",\"width\":1200,\"height\":800},{\"@type\":\"BreadcrumbList\",\"@id\":\"https:\/\/nomacomunicacion.com\/2024\/08\/29\/mitos-sobre-las-redes-sociales\/#breadcrumb\",\"itemListElement\":[{\"@type\":\"ListItem\",\"position\":1,\"name\":\"Portada\",\"item\":\"https:\/\/nomacomunicacion.com\/\"},{\"@type\":\"ListItem\",\"position\":2,\"name\":\"MITOS SOBRE LAS REDES SOCIALES\"}]},{\"@type\":\"WebSite\",\"@id\":\"https:\/\/nomacomunicacion.com\/#website\",\"url\":\"https:\/\/nomacomunicacion.com\/\",\"name\":\"NOMA Comunicaci\u00f3n | Marketing moda y belleza\",\"description\":\"\",\"potentialAction\":[{\"@type\":\"SearchAction\",\"target\":{\"@type\":\"EntryPoint\",\"urlTemplate\":\"https:\/\/nomacomunicacion.com\/?s={search_term_string}\"},\"query-input\":{\"@type\":\"PropertyValueSpecification\",\"valueRequired\":true,\"valueName\":\"search_term_string\"}}],\"inLanguage\":\"en-GB\"},{\"@type\":\"Person\",\"@id\":\"https:\/\/nomacomunicacion.com\/#\/schema\/person\/293d1eeff5b2692ed76f8b0d9d559226\",\"name\":\"Marcos Garc\u00eda\",\"url\":\"https:\/\/nomacomunicacion.com\/en\/author\/marcosgarcia\/\"}]}<\/script>\n<!-- \/ Yoast SEO plugin. -->","yoast_head_json":{"title":"Mitos sobre las Redes Sociales | NOMA Comunicaci\u00f3n | Marketing","description":"Las redes sociales son la realidad social y empresarial de nuestra sociedad, pero es muy importante no caer en los siguientes errores.","robots":{"index":"index","follow":"follow","max-snippet":"max-snippet:-1","max-image-preview":"max-image-preview:large","max-video-preview":"max-video-preview:-1"},"canonical":"https:\/\/nomacomunicacion.com\/en\/2024\/08\/29\/mitos-sobre-las-redes-sociales\/","og_locale":"en_GB","og_type":"article","og_title":"Mitos sobre las Redes Sociales | NOMA Comunicaci\u00f3n | Marketing","og_description":"Las redes sociales son la realidad social y empresarial de nuestra sociedad, pero es muy importante no caer en los siguientes errores.","og_url":"https:\/\/nomacomunicacion.com\/en\/2024\/08\/29\/mitos-sobre-las-redes-sociales\/","og_site_name":"NOMA Comunicaci\u00f3n | Marketing moda y belleza","article_published_time":"2024-08-29T16:37:53+00:00","article_modified_time":"2025-01-18T21:11:51+00:00","og_image":[{"width":1200,"height":800,"url":"https:\/\/nomacomunicacion.com\/wp-content\/uploads\/2024\/08\/RRSS.jpg","type":"image\/jpeg"}],"author":"Marcos Garc\u00eda","twitter_card":"summary_large_image","twitter_misc":{"Written by":"Marcos Garc\u00eda","Estimated reading time":"2 minutes"},"schema":{"@context":"https:\/\/schema.org","@graph":[{"@type":"WebPage","@id":"https:\/\/nomacomunicacion.com\/2024\/08\/29\/mitos-sobre-las-redes-sociales\/","url":"https:\/\/nomacomunicacion.com\/2024\/08\/29\/mitos-sobre-las-redes-sociales\/","name":"Mitos sobre las Redes Sociales | NOMA Comunicaci\u00f3n | Marketing","isPartOf":{"@id":"https:\/\/nomacomunicacion.com\/#website"},"primaryImageOfPage":{"@id":"https:\/\/nomacomunicacion.com\/2024\/08\/29\/mitos-sobre-las-redes-sociales\/#primaryimage"},"image":{"@id":"https:\/\/nomacomunicacion.com\/2024\/08\/29\/mitos-sobre-las-redes-sociales\/#primaryimage"},"thumbnailUrl":"https:\/\/nomacomunicacion.com\/wp-content\/uploads\/2024\/08\/RRSS.jpg","datePublished":"2024-08-29T16:37:53+00:00","dateModified":"2025-01-18T21:11:51+00:00","author":{"@id":"https:\/\/nomacomunicacion.com\/#\/schema\/person\/293d1eeff5b2692ed76f8b0d9d559226"},"description":"Las redes sociales son la realidad social y empresarial de nuestra sociedad, pero es muy importante no caer en los siguientes errores.","breadcrumb":{"@id":"https:\/\/nomacomunicacion.com\/2024\/08\/29\/mitos-sobre-las-redes-sociales\/#breadcrumb"},"inLanguage":"en-GB","potentialAction":[{"@type":"ReadAction","target":["https:\/\/nomacomunicacion.com\/2024\/08\/29\/mitos-sobre-las-redes-sociales\/"]}]},{"@type":"ImageObject","inLanguage":"en-GB","@id":"https:\/\/nomacomunicacion.com\/2024\/08\/29\/mitos-sobre-las-redes-sociales\/#primaryimage","url":"https:\/\/nomacomunicacion.com\/wp-content\/uploads\/2024\/08\/RRSS.jpg","contentUrl":"https:\/\/nomacomunicacion.com\/wp-content\/uploads\/2024\/08\/RRSS.jpg","width":1200,"height":800},{"@type":"BreadcrumbList","@id":"https:\/\/nomacomunicacion.com\/2024\/08\/29\/mitos-sobre-las-redes-sociales\/#breadcrumb","itemListElement":[{"@type":"ListItem","position":1,"name":"Portada","item":"https:\/\/nomacomunicacion.com\/"},{"@type":"ListItem","position":2,"name":"MITOS SOBRE LAS REDES SOCIALES"}]},{"@type":"WebSite","@id":"https:\/\/nomacomunicacion.com\/#website","url":"https:\/\/nomacomunicacion.com\/","name":"NOMA Comunicaci\u00f3n | Marketing moda y belleza","description":"","potentialAction":[{"@type":"SearchAction","target":{"@type":"EntryPoint","urlTemplate":"https:\/\/nomacomunicacion.com\/?s={search_term_string}"},"query-input":{"@type":"PropertyValueSpecification","valueRequired":true,"valueName":"search_term_string"}}],"inLanguage":"en-GB"},{"@type":"Person","@id":"https:\/\/nomacomunicacion.com\/#\/schema\/person\/293d1eeff5b2692ed76f8b0d9d559226","name":"Marcos Garc\u00eda","url":"https:\/\/nomacomunicacion.com\/en\/author\/marcosgarcia\/"}]}},"_links":{"self":[{"href":"https:\/\/nomacomunicacion.com\/en\/wp-json\/wp\/v2\/posts\/329","targetHints":{"allow":["GET"]}}],"collection":[{"href":"https:\/\/nomacomunicacion.com\/en\/wp-json\/wp\/v2\/posts"}],"about":[{"href":"https:\/\/nomacomunicacion.com\/en\/wp-json\/wp\/v2\/types\/post"}],"author":[{"embeddable":true,"href":"https:\/\/nomacomunicacion.com\/en\/wp-json\/wp\/v2\/users\/2"}],"replies":[{"embeddable":true,"href":"https:\/\/nomacomunicacion.com\/en\/wp-json\/wp\/v2\/comments?post=329"}],"version-history":[{"count":2,"href":"https:\/\/nomacomunicacion.com\/en\/wp-json\/wp\/v2\/posts\/329\/revisions"}],"predecessor-version":[{"id":342,"href":"https:\/\/nomacomunicacion.com\/en\/wp-json\/wp\/v2\/posts\/329\/revisions\/342"}],"wp:featuredmedia":[{"embeddable":true,"href":"https:\/\/nomacomunicacion.com\/en\/wp-json\/wp\/v2\/media\/331"}],"wp:attachment":[{"href":"https:\/\/nomacomunicacion.com\/en\/wp-json\/wp\/v2\/media?parent=329"}],"wp:term":[{"taxonomy":"category","embeddable":true,"href":"https:\/\/nomacomunicacion.com\/en\/wp-json\/wp\/v2\/categories?post=329"},{"taxonomy":"post_tag","embeddable":true,"href":"https:\/\/nomacomunicacion.com\/en\/wp-json\/wp\/v2\/tags?post=329"}],"curies":[{"name":"wp","href":"https:\/\/api.w.org\/{rel}","templated":true}]}}