{"id":336,"date":"2024-09-16T19:49:03","date_gmt":"2024-09-16T17:49:03","guid":{"rendered":"https:\/\/nomacomunicacion.com\/?p=336"},"modified":"2025-01-18T22:16:08","modified_gmt":"2025-01-18T21:16:08","slug":"el-marketing-digital-de-marcas-de-moda","status":"publish","type":"post","link":"https:\/\/nomacomunicacion.com\/en\/2024\/09\/16\/el-marketing-digital-de-marcas-de-moda\/","title":{"rendered":"EL MARKETING DIGITAL DE MARCAS DE MODA"},"content":{"rendered":"<p>El mundo de la moda es din\u00e1mico y competitivo, los consumidores y las tendencias evolucionan constantemente. Es por ello que el marketing digital se ha convertido en una herramienta esencial para las marcas de moda que buscan destacar y conectar con su audiencia.<br>En NOMA comunicaci\u00f3n entendemos la importancia de crear estrategias de marketing digital efectivas que no solo aumenten la visibilidad de las marcas, sino que tambi\u00e9n generen una conexi\u00f3n emocional con los consumidores, creando estrategias y presencia en redes sociales el escaparate perfecto para las marcas de moda, a trav\u00e9s de las cuales contar historias que generen audiencia; as\u00ed como el uso de marketing de influencers y embajadores de marca que amplifican el alcance y la credibilidad, generando un impacto m\u00e1s significativo.<br>En la moda, la est\u00e9tica lo es todo. Invertir en fotograf\u00eda, videograf\u00eda y contenido de alta calidad es crucial para captar la atenci\u00f3n del p\u00fablico, estos deben reflejar el estilo y los valores de la marca, creando una imagen distintiva. Y no solo la est\u00e9tica sino el posicionamiento SEO y la optimizaci\u00f3n para motores de b\u00fasqueda, es fundamental para que las marcas de moda sean encontradas online. Utilizar palabras clave relevantes, optimizar descripciones de productos y crear contenido de valor en blogs, puede mejorar significativamente el posicionamiento.<br>Esto junto a estrategias de email marketing, e-commerce y experiencia de usuario entre otras, adem\u00e1s del an\u00e1lisis de datos es crucial para entender el comportamiento del consumidor y ajustar las estrategias de marketing.<br>En conclusi\u00f3n, el marketing digital ofrece a las marcas de moda una plataforma poderosa para llegar a un p\u00fablico amplio y diverso. Sin embargo, requiere una estrategia bien planificada y ejecutada para destacar en el mercado. Esperamos que este post te haya resultado \u00fatil y si tienes alguna pregunta o necesitas asesoramiento personalizado, no dudes en ponerte en contacto con nosotros.<\/p>","protected":false},"excerpt":{"rendered":"<p>El mundo de la moda es din\u00e1mico y competitivo, los consumidores y las tendencias evolucionan constantemente. Es por ello que el marketing digital se ha convertido en una herramienta esencial&#8230;<\/p>","protected":false},"author":2,"featured_media":337,"comment_status":"closed","ping_status":"closed","sticky":false,"template":"","format":"aside","meta":{"footnotes":""},"categories":[1],"tags":[],"class_list":{"0":"post-336","1":"post","2":"type-post","3":"status-publish","4":"format-aside","5":"has-post-thumbnail","7":"category-sin-categoria","8":"post_format-post-format-aside"},"yoast_head":"<!-- This site is optimized with the Yoast SEO plugin v24.2 - https:\/\/yoast.com\/wordpress\/plugins\/seo\/ -->\n<title>El marketing digital de marcas de moda | NOMA Comunicaci\u00f3n<\/title>\n<meta name=\"description\" content=\"El sector de la moda, la belleza y el modelaje se encuentra a la vanguardia actualmente en redes sociales. Es primordial potenciar tu marca.\" \/>\n<meta name=\"robots\" content=\"index, follow, max-snippet:-1, max-image-preview:large, max-video-preview:-1\" \/>\n<link rel=\"canonical\" href=\"https:\/\/nomacomunicacion.com\/en\/2024\/09\/16\/el-marketing-digital-de-marcas-de-moda\/\" \/>\n<meta property=\"og:locale\" content=\"en_GB\" \/>\n<meta property=\"og:type\" content=\"article\" \/>\n<meta property=\"og:title\" content=\"El marketing digital de marcas de moda | NOMA Comunicaci\u00f3n\" \/>\n<meta property=\"og:description\" content=\"El sector de la moda, la belleza y el modelaje se encuentra a la vanguardia actualmente en redes sociales. Es primordial potenciar tu marca.\" \/>\n<meta property=\"og:url\" content=\"https:\/\/nomacomunicacion.com\/en\/2024\/09\/16\/el-marketing-digital-de-marcas-de-moda\/\" \/>\n<meta property=\"og:site_name\" content=\"NOMA Comunicaci\u00f3n | Marketing moda y belleza\" \/>\n<meta property=\"article:published_time\" content=\"2024-09-16T17:49:03+00:00\" \/>\n<meta property=\"article:modified_time\" content=\"2025-01-18T21:16:08+00:00\" \/>\n<meta property=\"og:image\" content=\"https:\/\/nomacomunicacion.com\/wp-content\/uploads\/2024\/08\/1.jpg\" \/>\n\t<meta property=\"og:image:width\" content=\"1200\" \/>\n\t<meta property=\"og:image:height\" content=\"800\" \/>\n\t<meta property=\"og:image:type\" content=\"image\/jpeg\" \/>\n<meta name=\"author\" content=\"Marcos Garc\u00eda\" \/>\n<meta name=\"twitter:card\" content=\"summary_large_image\" \/>\n<meta name=\"twitter:label1\" content=\"Written by\" \/>\n\t<meta name=\"twitter:data1\" content=\"Marcos Garc\u00eda\" \/>\n\t<meta name=\"twitter:label2\" content=\"Estimated reading time\" \/>\n\t<meta name=\"twitter:data2\" content=\"2 minutes\" \/>\n<script type=\"application\/ld+json\" class=\"yoast-schema-graph\">{\"@context\":\"https:\/\/schema.org\",\"@graph\":[{\"@type\":\"WebPage\",\"@id\":\"https:\/\/nomacomunicacion.com\/2024\/09\/16\/el-marketing-digital-de-marcas-de-moda\/\",\"url\":\"https:\/\/nomacomunicacion.com\/2024\/09\/16\/el-marketing-digital-de-marcas-de-moda\/\",\"name\":\"El marketing digital de marcas de moda | NOMA Comunicaci\u00f3n\",\"isPartOf\":{\"@id\":\"https:\/\/nomacomunicacion.com\/#website\"},\"primaryImageOfPage\":{\"@id\":\"https:\/\/nomacomunicacion.com\/2024\/09\/16\/el-marketing-digital-de-marcas-de-moda\/#primaryimage\"},\"image\":{\"@id\":\"https:\/\/nomacomunicacion.com\/2024\/09\/16\/el-marketing-digital-de-marcas-de-moda\/#primaryimage\"},\"thumbnailUrl\":\"https:\/\/nomacomunicacion.com\/wp-content\/uploads\/2024\/08\/1.jpg\",\"datePublished\":\"2024-09-16T17:49:03+00:00\",\"dateModified\":\"2025-01-18T21:16:08+00:00\",\"author\":{\"@id\":\"https:\/\/nomacomunicacion.com\/#\/schema\/person\/293d1eeff5b2692ed76f8b0d9d559226\"},\"description\":\"El sector de la moda, la belleza y el modelaje se encuentra a la vanguardia actualmente en redes sociales. Es primordial potenciar tu marca.\",\"breadcrumb\":{\"@id\":\"https:\/\/nomacomunicacion.com\/2024\/09\/16\/el-marketing-digital-de-marcas-de-moda\/#breadcrumb\"},\"inLanguage\":\"en-GB\",\"potentialAction\":[{\"@type\":\"ReadAction\",\"target\":[\"https:\/\/nomacomunicacion.com\/2024\/09\/16\/el-marketing-digital-de-marcas-de-moda\/\"]}]},{\"@type\":\"ImageObject\",\"inLanguage\":\"en-GB\",\"@id\":\"https:\/\/nomacomunicacion.com\/2024\/09\/16\/el-marketing-digital-de-marcas-de-moda\/#primaryimage\",\"url\":\"https:\/\/nomacomunicacion.com\/wp-content\/uploads\/2024\/08\/1.jpg\",\"contentUrl\":\"https:\/\/nomacomunicacion.com\/wp-content\/uploads\/2024\/08\/1.jpg\",\"width\":1200,\"height\":800},{\"@type\":\"BreadcrumbList\",\"@id\":\"https:\/\/nomacomunicacion.com\/2024\/09\/16\/el-marketing-digital-de-marcas-de-moda\/#breadcrumb\",\"itemListElement\":[{\"@type\":\"ListItem\",\"position\":1,\"name\":\"Portada\",\"item\":\"https:\/\/nomacomunicacion.com\/\"},{\"@type\":\"ListItem\",\"position\":2,\"name\":\"EL MARKETING DIGITAL DE MARCAS DE MODA\"}]},{\"@type\":\"WebSite\",\"@id\":\"https:\/\/nomacomunicacion.com\/#website\",\"url\":\"https:\/\/nomacomunicacion.com\/\",\"name\":\"NOMA Comunicaci\u00f3n | Marketing moda y belleza\",\"description\":\"\",\"potentialAction\":[{\"@type\":\"SearchAction\",\"target\":{\"@type\":\"EntryPoint\",\"urlTemplate\":\"https:\/\/nomacomunicacion.com\/?s={search_term_string}\"},\"query-input\":{\"@type\":\"PropertyValueSpecification\",\"valueRequired\":true,\"valueName\":\"search_term_string\"}}],\"inLanguage\":\"en-GB\"},{\"@type\":\"Person\",\"@id\":\"https:\/\/nomacomunicacion.com\/#\/schema\/person\/293d1eeff5b2692ed76f8b0d9d559226\",\"name\":\"Marcos Garc\u00eda\",\"url\":\"https:\/\/nomacomunicacion.com\/en\/author\/marcosgarcia\/\"}]}<\/script>\n<!-- \/ Yoast SEO plugin. -->","yoast_head_json":{"title":"El marketing digital de marcas de moda | NOMA Comunicaci\u00f3n","description":"El sector de la moda, la belleza y el modelaje se encuentra a la vanguardia actualmente en redes sociales. Es primordial potenciar tu marca.","robots":{"index":"index","follow":"follow","max-snippet":"max-snippet:-1","max-image-preview":"max-image-preview:large","max-video-preview":"max-video-preview:-1"},"canonical":"https:\/\/nomacomunicacion.com\/en\/2024\/09\/16\/el-marketing-digital-de-marcas-de-moda\/","og_locale":"en_GB","og_type":"article","og_title":"El marketing digital de marcas de moda | NOMA Comunicaci\u00f3n","og_description":"El sector de la moda, la belleza y el modelaje se encuentra a la vanguardia actualmente en redes sociales. Es primordial potenciar tu marca.","og_url":"https:\/\/nomacomunicacion.com\/en\/2024\/09\/16\/el-marketing-digital-de-marcas-de-moda\/","og_site_name":"NOMA Comunicaci\u00f3n | Marketing moda y belleza","article_published_time":"2024-09-16T17:49:03+00:00","article_modified_time":"2025-01-18T21:16:08+00:00","og_image":[{"width":1200,"height":800,"url":"https:\/\/nomacomunicacion.com\/wp-content\/uploads\/2024\/08\/1.jpg","type":"image\/jpeg"}],"author":"Marcos Garc\u00eda","twitter_card":"summary_large_image","twitter_misc":{"Written by":"Marcos Garc\u00eda","Estimated reading time":"2 minutes"},"schema":{"@context":"https:\/\/schema.org","@graph":[{"@type":"WebPage","@id":"https:\/\/nomacomunicacion.com\/2024\/09\/16\/el-marketing-digital-de-marcas-de-moda\/","url":"https:\/\/nomacomunicacion.com\/2024\/09\/16\/el-marketing-digital-de-marcas-de-moda\/","name":"El marketing digital de marcas de moda | NOMA Comunicaci\u00f3n","isPartOf":{"@id":"https:\/\/nomacomunicacion.com\/#website"},"primaryImageOfPage":{"@id":"https:\/\/nomacomunicacion.com\/2024\/09\/16\/el-marketing-digital-de-marcas-de-moda\/#primaryimage"},"image":{"@id":"https:\/\/nomacomunicacion.com\/2024\/09\/16\/el-marketing-digital-de-marcas-de-moda\/#primaryimage"},"thumbnailUrl":"https:\/\/nomacomunicacion.com\/wp-content\/uploads\/2024\/08\/1.jpg","datePublished":"2024-09-16T17:49:03+00:00","dateModified":"2025-01-18T21:16:08+00:00","author":{"@id":"https:\/\/nomacomunicacion.com\/#\/schema\/person\/293d1eeff5b2692ed76f8b0d9d559226"},"description":"El sector de la moda, la belleza y el modelaje se encuentra a la vanguardia actualmente en redes sociales. Es primordial potenciar tu marca.","breadcrumb":{"@id":"https:\/\/nomacomunicacion.com\/2024\/09\/16\/el-marketing-digital-de-marcas-de-moda\/#breadcrumb"},"inLanguage":"en-GB","potentialAction":[{"@type":"ReadAction","target":["https:\/\/nomacomunicacion.com\/2024\/09\/16\/el-marketing-digital-de-marcas-de-moda\/"]}]},{"@type":"ImageObject","inLanguage":"en-GB","@id":"https:\/\/nomacomunicacion.com\/2024\/09\/16\/el-marketing-digital-de-marcas-de-moda\/#primaryimage","url":"https:\/\/nomacomunicacion.com\/wp-content\/uploads\/2024\/08\/1.jpg","contentUrl":"https:\/\/nomacomunicacion.com\/wp-content\/uploads\/2024\/08\/1.jpg","width":1200,"height":800},{"@type":"BreadcrumbList","@id":"https:\/\/nomacomunicacion.com\/2024\/09\/16\/el-marketing-digital-de-marcas-de-moda\/#breadcrumb","itemListElement":[{"@type":"ListItem","position":1,"name":"Portada","item":"https:\/\/nomacomunicacion.com\/"},{"@type":"ListItem","position":2,"name":"EL MARKETING DIGITAL DE MARCAS DE MODA"}]},{"@type":"WebSite","@id":"https:\/\/nomacomunicacion.com\/#website","url":"https:\/\/nomacomunicacion.com\/","name":"NOMA Comunicaci\u00f3n | Marketing moda y belleza","description":"","potentialAction":[{"@type":"SearchAction","target":{"@type":"EntryPoint","urlTemplate":"https:\/\/nomacomunicacion.com\/?s={search_term_string}"},"query-input":{"@type":"PropertyValueSpecification","valueRequired":true,"valueName":"search_term_string"}}],"inLanguage":"en-GB"},{"@type":"Person","@id":"https:\/\/nomacomunicacion.com\/#\/schema\/person\/293d1eeff5b2692ed76f8b0d9d559226","name":"Marcos Garc\u00eda","url":"https:\/\/nomacomunicacion.com\/en\/author\/marcosgarcia\/"}]}},"_links":{"self":[{"href":"https:\/\/nomacomunicacion.com\/en\/wp-json\/wp\/v2\/posts\/336","targetHints":{"allow":["GET"]}}],"collection":[{"href":"https:\/\/nomacomunicacion.com\/en\/wp-json\/wp\/v2\/posts"}],"about":[{"href":"https:\/\/nomacomunicacion.com\/en\/wp-json\/wp\/v2\/types\/post"}],"author":[{"embeddable":true,"href":"https:\/\/nomacomunicacion.com\/en\/wp-json\/wp\/v2\/users\/2"}],"replies":[{"embeddable":true,"href":"https:\/\/nomacomunicacion.com\/en\/wp-json\/wp\/v2\/comments?post=336"}],"version-history":[{"count":1,"href":"https:\/\/nomacomunicacion.com\/en\/wp-json\/wp\/v2\/posts\/336\/revisions"}],"predecessor-version":[{"id":339,"href":"https:\/\/nomacomunicacion.com\/en\/wp-json\/wp\/v2\/posts\/336\/revisions\/339"}],"wp:featuredmedia":[{"embeddable":true,"href":"https:\/\/nomacomunicacion.com\/en\/wp-json\/wp\/v2\/media\/337"}],"wp:attachment":[{"href":"https:\/\/nomacomunicacion.com\/en\/wp-json\/wp\/v2\/media?parent=336"}],"wp:term":[{"taxonomy":"category","embeddable":true,"href":"https:\/\/nomacomunicacion.com\/en\/wp-json\/wp\/v2\/categories?post=336"},{"taxonomy":"post_tag","embeddable":true,"href":"https:\/\/nomacomunicacion.com\/en\/wp-json\/wp\/v2\/tags?post=336"}],"curies":[{"name":"wp","href":"https:\/\/api.w.org\/{rel}","templated":true}]}}