{"id":363,"date":"2025-02-05T11:08:00","date_gmt":"2025-02-05T10:08:00","guid":{"rendered":"https:\/\/nomacomunicacion.com\/?p=363"},"modified":"2025-01-30T11:19:41","modified_gmt":"2025-01-30T10:19:41","slug":"sesion-fotografica-para-las-ganadoras-de-la-pasarela-fortuny-2024","status":"publish","type":"post","link":"https:\/\/nomacomunicacion.com\/en\/2025\/02\/05\/sesion-fotografica-para-las-ganadoras-de-la-pasarela-fortuny-2024\/","title":{"rendered":"Sesi\u00f3n Fotogr\u00e1fica para las Ganadoras de la Pasarela Fortuny 2024"},"content":{"rendered":"<p>El talento emergente se convirti\u00f3 en el protagonista absoluto durante nuestra reciente colaboraci\u00f3n con las ganadoras de la Pasarela Fortuny 2025. En esta ocasi\u00f3n, llevamos a cabo una sesi\u00f3n fotogr\u00e1fica \u00fanica para confeccionar el look book de su colecci\u00f3n ganadora. Este emocionante proyecto tuvo lugar en el estudio de fotograf\u00eda de la Escuela de Dise\u00f1o ESADA, con el apoyo creativo de las alumnas de la escuela de maquillaje e instituto de belleza Artemisa, quienes se encargaron de los maquillajes.&nbsp;&nbsp;&nbsp;<\/p>\n\n\n\n<p>La colecci\u00f3n SEMPITERNO ganadora de la XI Pasarela Fortuny 2025 reflejaba la esencia de la moda sostenible contempor\u00e1nea con un enfoque innovador en la combinaci\u00f3n de formas, texturas y colores. El estilo skate y hip-hop de los 90 en el Bronx neoyorquino, junto al maximalismo, la logo man\u00eda, el lujo y el desenfado actual. Inspirada en las tribus urbanas de los 90 que parten del Bronx neoyorquino, principalmente las del skate y el hip-hop, generando formas maximalistas y exageradas con ciertas pinceladas de tendencias actuales como boxers y prendas lenceras que contraponen a las formas oversize principales y generan una simbiosis entre ambas. Cada pieza de la colecci\u00f3n transmit\u00eda el equilibrio perfecto entre la creatividad y la t\u00e9cnica, nuestro objetivo en esta sesi\u00f3n fue capturar esa esencia para inmortalizarla en un look book que sirva como carta de presentaci\u00f3n profesional de Aianara y Carmen, dise\u00f1adoras de esta colecci\u00f3n.&nbsp;&nbsp;<\/p>\n\n\n\n<p>La direcci\u00f3n creativa y el shooting se llev\u00f3 a cabo en un entorno que foment\u00f3 la colaboraci\u00f3n entre disciplinas, integrando la fotograf\u00eda, el dise\u00f1o y el maquillaje como elementos clave para contar una historia visual que destaca el potencial de estas j\u00f3venes dise\u00f1adoras.&nbsp; Las alumnas de Artemisa a\u00f1adieron un toque magistral al proyecto con su trabajo impecable en maquillaje. Inspiradas en los conceptos de la colecci\u00f3n, lograron dise\u00f1ar looks que complementaron y realzaron cada dise\u00f1o, adapt\u00e1ndose a las tonalidades, las texturas y los estilos de las prendas.&nbsp; Cada trazo de maquillaje reflejaba la est\u00e9tica de la colecci\u00f3n, a\u00f1adiendo dramatismo, frescura o sutileza seg\u00fan lo requer\u00eda cada conjunto. Fue un claro ejemplo de c\u00f3mo el maquillaje y el dise\u00f1o de moda pueden unirse para crear una experiencia visual completa y armoniosa. Este shooting no solo fue una oportunidad para confeccionar un lookbook profesional, sino tambi\u00e9n un espacio de aprendizaje colaborativo donde se unieron diferentes disciplinas para crear un resultado excepcional, donde pudimos ver a los modelos formados por el equipo de docencia de la agencia NOFUENTES como posan delante de la c\u00e1mara dando vida a la colecci\u00f3n.&nbsp;&nbsp;<\/p>\n\n\n\n<p>Estamos emocionados de haber sido parte de este proyecto que pone en valor el trabajo de j\u00f3venes talentos y que demuestra c\u00f3mo la moda, el maquillaje y la fotograf\u00eda se convierten en un lenguaje com\u00fan para expresar creatividad.&nbsp;&nbsp;&nbsp;<\/p>\n\n\n\n<p>CR\u00c9DITOS&nbsp;<\/p>\n\n\n\n<p>Fotograf\u00eda: Raquel Nofuentes&nbsp;&nbsp;<\/p>\n\n\n\n<p>Modelos:\u00a0NOFUENTES<\/p>\n\n\n\n<p>Direcci\u00f3n creativa: Marielle Perri y Raquel Nofuentes<\/p>\n\n\n\n<p>DIse\u00f1adoras: Carmen y Aianara&nbsp;<\/p>\n\n\n\n<p>Localizaci\u00f3n: Estudio de fotograf\u00eda de Escuela Superior de Arte y Dise\u00f1o de Andaluc\u00eda ESADA&nbsp;<\/p>\n\n\n\n<figure class=\"wp-block-image size-large\"><img fetchpriority=\"high\" decoding=\"async\" width=\"1024\" height=\"679\" src=\"https:\/\/nomacomunicacion.com\/wp-content\/uploads\/2025\/01\/Captura-de-pantalla-2025-01-30-a-las-11.06.27-1024x679.png\" alt=\"\" class=\"wp-image-367\" srcset=\"https:\/\/nomacomunicacion.com\/wp-content\/uploads\/2025\/01\/Captura-de-pantalla-2025-01-30-a-las-11.06.27-1024x679.png 1024w, https:\/\/nomacomunicacion.com\/wp-content\/uploads\/2025\/01\/Captura-de-pantalla-2025-01-30-a-las-11.06.27-300x199.png 300w, https:\/\/nomacomunicacion.com\/wp-content\/uploads\/2025\/01\/Captura-de-pantalla-2025-01-30-a-las-11.06.27-768x509.png 768w, https:\/\/nomacomunicacion.com\/wp-content\/uploads\/2025\/01\/Captura-de-pantalla-2025-01-30-a-las-11.06.27-1536x1019.png 1536w, https:\/\/nomacomunicacion.com\/wp-content\/uploads\/2025\/01\/Captura-de-pantalla-2025-01-30-a-las-11.06.27-18x12.png 18w, https:\/\/nomacomunicacion.com\/wp-content\/uploads\/2025\/01\/Captura-de-pantalla-2025-01-30-a-las-11.06.27.png 2038w\" sizes=\"(max-width: 1024px) 100vw, 1024px\" \/><\/figure>\n\n\n\n<figure class=\"wp-block-image size-large\"><img decoding=\"async\" width=\"1024\" height=\"679\" src=\"https:\/\/nomacomunicacion.com\/wp-content\/uploads\/2025\/01\/Captura-de-pantalla-2025-01-30-a-las-11.06.16-1-1024x679.png\" alt=\"\" class=\"wp-image-366\" srcset=\"https:\/\/nomacomunicacion.com\/wp-content\/uploads\/2025\/01\/Captura-de-pantalla-2025-01-30-a-las-11.06.16-1-1024x679.png 1024w, https:\/\/nomacomunicacion.com\/wp-content\/uploads\/2025\/01\/Captura-de-pantalla-2025-01-30-a-las-11.06.16-1-300x199.png 300w, https:\/\/nomacomunicacion.com\/wp-content\/uploads\/2025\/01\/Captura-de-pantalla-2025-01-30-a-las-11.06.16-1-768x509.png 768w, https:\/\/nomacomunicacion.com\/wp-content\/uploads\/2025\/01\/Captura-de-pantalla-2025-01-30-a-las-11.06.16-1-1536x1019.png 1536w, https:\/\/nomacomunicacion.com\/wp-content\/uploads\/2025\/01\/Captura-de-pantalla-2025-01-30-a-las-11.06.16-1-18x12.png 18w, https:\/\/nomacomunicacion.com\/wp-content\/uploads\/2025\/01\/Captura-de-pantalla-2025-01-30-a-las-11.06.16-1.png 2038w\" sizes=\"(max-width: 1024px) 100vw, 1024px\" \/><\/figure>\n\n\n\n<figure class=\"wp-block-image size-large\"><img decoding=\"async\" width=\"1024\" height=\"679\" src=\"https:\/\/nomacomunicacion.com\/wp-content\/uploads\/2025\/01\/Captura-de-pantalla-2025-01-30-a-las-11.17.35-1024x679.png\" alt=\"\" class=\"wp-image-369\" srcset=\"https:\/\/nomacomunicacion.com\/wp-content\/uploads\/2025\/01\/Captura-de-pantalla-2025-01-30-a-las-11.17.35-1024x679.png 1024w, https:\/\/nomacomunicacion.com\/wp-content\/uploads\/2025\/01\/Captura-de-pantalla-2025-01-30-a-las-11.17.35-300x199.png 300w, https:\/\/nomacomunicacion.com\/wp-content\/uploads\/2025\/01\/Captura-de-pantalla-2025-01-30-a-las-11.17.35-768x509.png 768w, https:\/\/nomacomunicacion.com\/wp-content\/uploads\/2025\/01\/Captura-de-pantalla-2025-01-30-a-las-11.17.35-1536x1019.png 1536w, https:\/\/nomacomunicacion.com\/wp-content\/uploads\/2025\/01\/Captura-de-pantalla-2025-01-30-a-las-11.17.35-18x12.png 18w, https:\/\/nomacomunicacion.com\/wp-content\/uploads\/2025\/01\/Captura-de-pantalla-2025-01-30-a-las-11.17.35.png 2038w\" sizes=\"(max-width: 1024px) 100vw, 1024px\" \/><\/figure>","protected":false},"excerpt":{"rendered":"<p>El talento emergente se convirti\u00f3 en el protagonista absoluto durante nuestra reciente colaboraci\u00f3n con las ganadoras de la Pasarela Fortuny 2025. En esta ocasi\u00f3n, llevamos a cabo una sesi\u00f3n fotogr\u00e1fica&#8230;<\/p>","protected":false},"author":2,"featured_media":368,"comment_status":"closed","ping_status":"closed","sticky":false,"template":"","format":"aside","meta":{"footnotes":""},"categories":[1],"tags":[],"class_list":{"0":"post-363","1":"post","2":"type-post","3":"status-publish","4":"format-aside","5":"has-post-thumbnail","7":"category-sin-categoria","8":"post_format-post-format-aside"},"yoast_head":"<!-- This site is optimized with the Yoast SEO plugin v24.2 - https:\/\/yoast.com\/wordpress\/plugins\/seo\/ -->\n<title>Sesi\u00f3n Fotogr\u00e1fica para las Ganadoras de la Pasarela Fortuny 2024 - NOMA Comunicaci\u00f3n | Marketing moda y belleza<\/title>\n<meta name=\"robots\" content=\"index, follow, max-snippet:-1, max-image-preview:large, max-video-preview:-1\" \/>\n<link rel=\"canonical\" href=\"https:\/\/nomacomunicacion.com\/en\/2025\/02\/05\/sesion-fotografica-para-las-ganadoras-de-la-pasarela-fortuny-2024\/\" \/>\n<meta property=\"og:locale\" content=\"en_GB\" \/>\n<meta property=\"og:type\" content=\"article\" \/>\n<meta property=\"og:title\" content=\"Sesi\u00f3n Fotogr\u00e1fica para las Ganadoras de la Pasarela Fortuny 2024 - NOMA Comunicaci\u00f3n | Marketing moda y belleza\" \/>\n<meta property=\"og:description\" content=\"El talento emergente se convirti\u00f3 en el protagonista absoluto durante nuestra reciente colaboraci\u00f3n con las ganadoras de la Pasarela Fortuny 2025. En esta ocasi\u00f3n, llevamos a cabo una sesi\u00f3n fotogr\u00e1fica...\" \/>\n<meta property=\"og:url\" content=\"https:\/\/nomacomunicacion.com\/en\/2025\/02\/05\/sesion-fotografica-para-las-ganadoras-de-la-pasarela-fortuny-2024\/\" \/>\n<meta property=\"og:site_name\" content=\"NOMA Comunicaci\u00f3n | Marketing moda y belleza\" \/>\n<meta property=\"article:published_time\" content=\"2025-02-05T10:08:00+00:00\" \/>\n<meta property=\"article:modified_time\" content=\"2025-01-30T10:19:41+00:00\" \/>\n<meta property=\"og:image\" content=\"https:\/\/nomacomunicacion.com\/wp-content\/uploads\/2025\/01\/Captura-de-pantalla-2025-01-30-a-las-11.17.27.png\" \/>\n\t<meta property=\"og:image:width\" content=\"2038\" \/>\n\t<meta property=\"og:image:height\" content=\"1352\" \/>\n\t<meta property=\"og:image:type\" content=\"image\/png\" \/>\n<meta name=\"author\" content=\"Marcos Garc\u00eda\" \/>\n<meta name=\"twitter:card\" content=\"summary_large_image\" \/>\n<meta name=\"twitter:label1\" content=\"Written by\" \/>\n\t<meta name=\"twitter:data1\" content=\"Marcos Garc\u00eda\" \/>\n\t<meta name=\"twitter:label2\" content=\"Estimated reading time\" \/>\n\t<meta name=\"twitter:data2\" content=\"4 minutes\" \/>\n<script type=\"application\/ld+json\" class=\"yoast-schema-graph\">{\"@context\":\"https:\/\/schema.org\",\"@graph\":[{\"@type\":\"WebPage\",\"@id\":\"https:\/\/nomacomunicacion.com\/2025\/02\/05\/sesion-fotografica-para-las-ganadoras-de-la-pasarela-fortuny-2024\/\",\"url\":\"https:\/\/nomacomunicacion.com\/2025\/02\/05\/sesion-fotografica-para-las-ganadoras-de-la-pasarela-fortuny-2024\/\",\"name\":\"Sesi\u00f3n Fotogr\u00e1fica para las Ganadoras de la Pasarela Fortuny 2024 - NOMA Comunicaci\u00f3n | Marketing moda y belleza\",\"isPartOf\":{\"@id\":\"https:\/\/nomacomunicacion.com\/#website\"},\"primaryImageOfPage\":{\"@id\":\"https:\/\/nomacomunicacion.com\/2025\/02\/05\/sesion-fotografica-para-las-ganadoras-de-la-pasarela-fortuny-2024\/#primaryimage\"},\"image\":{\"@id\":\"https:\/\/nomacomunicacion.com\/2025\/02\/05\/sesion-fotografica-para-las-ganadoras-de-la-pasarela-fortuny-2024\/#primaryimage\"},\"thumbnailUrl\":\"https:\/\/nomacomunicacion.com\/wp-content\/uploads\/2025\/01\/Captura-de-pantalla-2025-01-30-a-las-11.17.27.png\",\"datePublished\":\"2025-02-05T10:08:00+00:00\",\"dateModified\":\"2025-01-30T10:19:41+00:00\",\"author\":{\"@id\":\"https:\/\/nomacomunicacion.com\/#\/schema\/person\/293d1eeff5b2692ed76f8b0d9d559226\"},\"breadcrumb\":{\"@id\":\"https:\/\/nomacomunicacion.com\/2025\/02\/05\/sesion-fotografica-para-las-ganadoras-de-la-pasarela-fortuny-2024\/#breadcrumb\"},\"inLanguage\":\"en-GB\",\"potentialAction\":[{\"@type\":\"ReadAction\",\"target\":[\"https:\/\/nomacomunicacion.com\/2025\/02\/05\/sesion-fotografica-para-las-ganadoras-de-la-pasarela-fortuny-2024\/\"]}]},{\"@type\":\"ImageObject\",\"inLanguage\":\"en-GB\",\"@id\":\"https:\/\/nomacomunicacion.com\/2025\/02\/05\/sesion-fotografica-para-las-ganadoras-de-la-pasarela-fortuny-2024\/#primaryimage\",\"url\":\"https:\/\/nomacomunicacion.com\/wp-content\/uploads\/2025\/01\/Captura-de-pantalla-2025-01-30-a-las-11.17.27.png\",\"contentUrl\":\"https:\/\/nomacomunicacion.com\/wp-content\/uploads\/2025\/01\/Captura-de-pantalla-2025-01-30-a-las-11.17.27.png\",\"width\":2038,\"height\":1352},{\"@type\":\"BreadcrumbList\",\"@id\":\"https:\/\/nomacomunicacion.com\/2025\/02\/05\/sesion-fotografica-para-las-ganadoras-de-la-pasarela-fortuny-2024\/#breadcrumb\",\"itemListElement\":[{\"@type\":\"ListItem\",\"position\":1,\"name\":\"Portada\",\"item\":\"https:\/\/nomacomunicacion.com\/\"},{\"@type\":\"ListItem\",\"position\":2,\"name\":\"Sesi\u00f3n Fotogr\u00e1fica para las Ganadoras de la Pasarela Fortuny 2024\"}]},{\"@type\":\"WebSite\",\"@id\":\"https:\/\/nomacomunicacion.com\/#website\",\"url\":\"https:\/\/nomacomunicacion.com\/\",\"name\":\"NOMA Comunicaci\u00f3n | Marketing moda y belleza\",\"description\":\"\",\"potentialAction\":[{\"@type\":\"SearchAction\",\"target\":{\"@type\":\"EntryPoint\",\"urlTemplate\":\"https:\/\/nomacomunicacion.com\/?s={search_term_string}\"},\"query-input\":{\"@type\":\"PropertyValueSpecification\",\"valueRequired\":true,\"valueName\":\"search_term_string\"}}],\"inLanguage\":\"en-GB\"},{\"@type\":\"Person\",\"@id\":\"https:\/\/nomacomunicacion.com\/#\/schema\/person\/293d1eeff5b2692ed76f8b0d9d559226\",\"name\":\"Marcos Garc\u00eda\",\"url\":\"https:\/\/nomacomunicacion.com\/en\/author\/marcosgarcia\/\"}]}<\/script>\n<!-- \/ Yoast SEO plugin. -->","yoast_head_json":{"title":"Sesi\u00f3n Fotogr\u00e1fica para las Ganadoras de la Pasarela Fortuny 2024 - NOMA Comunicaci\u00f3n | Marketing moda y belleza","robots":{"index":"index","follow":"follow","max-snippet":"max-snippet:-1","max-image-preview":"max-image-preview:large","max-video-preview":"max-video-preview:-1"},"canonical":"https:\/\/nomacomunicacion.com\/en\/2025\/02\/05\/sesion-fotografica-para-las-ganadoras-de-la-pasarela-fortuny-2024\/","og_locale":"en_GB","og_type":"article","og_title":"Sesi\u00f3n Fotogr\u00e1fica para las Ganadoras de la Pasarela Fortuny 2024 - NOMA Comunicaci\u00f3n | Marketing moda y belleza","og_description":"El talento emergente se convirti\u00f3 en el protagonista absoluto durante nuestra reciente colaboraci\u00f3n con las ganadoras de la Pasarela Fortuny 2025. En esta ocasi\u00f3n, llevamos a cabo una sesi\u00f3n fotogr\u00e1fica...","og_url":"https:\/\/nomacomunicacion.com\/en\/2025\/02\/05\/sesion-fotografica-para-las-ganadoras-de-la-pasarela-fortuny-2024\/","og_site_name":"NOMA Comunicaci\u00f3n | Marketing moda y belleza","article_published_time":"2025-02-05T10:08:00+00:00","article_modified_time":"2025-01-30T10:19:41+00:00","og_image":[{"width":2038,"height":1352,"url":"https:\/\/nomacomunicacion.com\/wp-content\/uploads\/2025\/01\/Captura-de-pantalla-2025-01-30-a-las-11.17.27.png","type":"image\/png"}],"author":"Marcos Garc\u00eda","twitter_card":"summary_large_image","twitter_misc":{"Written by":"Marcos Garc\u00eda","Estimated reading time":"4 minutes"},"schema":{"@context":"https:\/\/schema.org","@graph":[{"@type":"WebPage","@id":"https:\/\/nomacomunicacion.com\/2025\/02\/05\/sesion-fotografica-para-las-ganadoras-de-la-pasarela-fortuny-2024\/","url":"https:\/\/nomacomunicacion.com\/2025\/02\/05\/sesion-fotografica-para-las-ganadoras-de-la-pasarela-fortuny-2024\/","name":"Sesi\u00f3n Fotogr\u00e1fica para las Ganadoras de la Pasarela Fortuny 2024 - NOMA Comunicaci\u00f3n | Marketing moda y belleza","isPartOf":{"@id":"https:\/\/nomacomunicacion.com\/#website"},"primaryImageOfPage":{"@id":"https:\/\/nomacomunicacion.com\/2025\/02\/05\/sesion-fotografica-para-las-ganadoras-de-la-pasarela-fortuny-2024\/#primaryimage"},"image":{"@id":"https:\/\/nomacomunicacion.com\/2025\/02\/05\/sesion-fotografica-para-las-ganadoras-de-la-pasarela-fortuny-2024\/#primaryimage"},"thumbnailUrl":"https:\/\/nomacomunicacion.com\/wp-content\/uploads\/2025\/01\/Captura-de-pantalla-2025-01-30-a-las-11.17.27.png","datePublished":"2025-02-05T10:08:00+00:00","dateModified":"2025-01-30T10:19:41+00:00","author":{"@id":"https:\/\/nomacomunicacion.com\/#\/schema\/person\/293d1eeff5b2692ed76f8b0d9d559226"},"breadcrumb":{"@id":"https:\/\/nomacomunicacion.com\/2025\/02\/05\/sesion-fotografica-para-las-ganadoras-de-la-pasarela-fortuny-2024\/#breadcrumb"},"inLanguage":"en-GB","potentialAction":[{"@type":"ReadAction","target":["https:\/\/nomacomunicacion.com\/2025\/02\/05\/sesion-fotografica-para-las-ganadoras-de-la-pasarela-fortuny-2024\/"]}]},{"@type":"ImageObject","inLanguage":"en-GB","@id":"https:\/\/nomacomunicacion.com\/2025\/02\/05\/sesion-fotografica-para-las-ganadoras-de-la-pasarela-fortuny-2024\/#primaryimage","url":"https:\/\/nomacomunicacion.com\/wp-content\/uploads\/2025\/01\/Captura-de-pantalla-2025-01-30-a-las-11.17.27.png","contentUrl":"https:\/\/nomacomunicacion.com\/wp-content\/uploads\/2025\/01\/Captura-de-pantalla-2025-01-30-a-las-11.17.27.png","width":2038,"height":1352},{"@type":"BreadcrumbList","@id":"https:\/\/nomacomunicacion.com\/2025\/02\/05\/sesion-fotografica-para-las-ganadoras-de-la-pasarela-fortuny-2024\/#breadcrumb","itemListElement":[{"@type":"ListItem","position":1,"name":"Portada","item":"https:\/\/nomacomunicacion.com\/"},{"@type":"ListItem","position":2,"name":"Sesi\u00f3n Fotogr\u00e1fica para las Ganadoras de la Pasarela Fortuny 2024"}]},{"@type":"WebSite","@id":"https:\/\/nomacomunicacion.com\/#website","url":"https:\/\/nomacomunicacion.com\/","name":"NOMA Comunicaci\u00f3n | Marketing moda y belleza","description":"","potentialAction":[{"@type":"SearchAction","target":{"@type":"EntryPoint","urlTemplate":"https:\/\/nomacomunicacion.com\/?s={search_term_string}"},"query-input":{"@type":"PropertyValueSpecification","valueRequired":true,"valueName":"search_term_string"}}],"inLanguage":"en-GB"},{"@type":"Person","@id":"https:\/\/nomacomunicacion.com\/#\/schema\/person\/293d1eeff5b2692ed76f8b0d9d559226","name":"Marcos Garc\u00eda","url":"https:\/\/nomacomunicacion.com\/en\/author\/marcosgarcia\/"}]}},"_links":{"self":[{"href":"https:\/\/nomacomunicacion.com\/en\/wp-json\/wp\/v2\/posts\/363","targetHints":{"allow":["GET"]}}],"collection":[{"href":"https:\/\/nomacomunicacion.com\/en\/wp-json\/wp\/v2\/posts"}],"about":[{"href":"https:\/\/nomacomunicacion.com\/en\/wp-json\/wp\/v2\/types\/post"}],"author":[{"embeddable":true,"href":"https:\/\/nomacomunicacion.com\/en\/wp-json\/wp\/v2\/users\/2"}],"replies":[{"embeddable":true,"href":"https:\/\/nomacomunicacion.com\/en\/wp-json\/wp\/v2\/comments?post=363"}],"version-history":[{"count":2,"href":"https:\/\/nomacomunicacion.com\/en\/wp-json\/wp\/v2\/posts\/363\/revisions"}],"predecessor-version":[{"id":371,"href":"https:\/\/nomacomunicacion.com\/en\/wp-json\/wp\/v2\/posts\/363\/revisions\/371"}],"wp:featuredmedia":[{"embeddable":true,"href":"https:\/\/nomacomunicacion.com\/en\/wp-json\/wp\/v2\/media\/368"}],"wp:attachment":[{"href":"https:\/\/nomacomunicacion.com\/en\/wp-json\/wp\/v2\/media?parent=363"}],"wp:term":[{"taxonomy":"category","embeddable":true,"href":"https:\/\/nomacomunicacion.com\/en\/wp-json\/wp\/v2\/categories?post=363"},{"taxonomy":"post_tag","embeddable":true,"href":"https:\/\/nomacomunicacion.com\/en\/wp-json\/wp\/v2\/tags?post=363"}],"curies":[{"name":"wp","href":"https:\/\/api.w.org\/{rel}","templated":true}]}}