{"id":379,"date":"2025-02-19T11:28:56","date_gmt":"2025-02-19T10:28:56","guid":{"rendered":"https:\/\/nomacomunicacion.com\/?p=379"},"modified":"2025-01-30T11:41:16","modified_gmt":"2025-01-30T10:41:16","slug":"una-noche-de-talento-y-creatividad-desing-event-esada-en-la-sala-aliatar","status":"publish","type":"post","link":"https:\/\/nomacomunicacion.com\/en\/2025\/02\/19\/una-noche-de-talento-y-creatividad-desing-event-esada-en-la-sala-aliatar\/","title":{"rendered":"\u00a0Una Noche de Talento y Creatividad:\u00a0Desing\u00a0Event ESADA\u00a0en la Sala Aliatar"},"content":{"rendered":"<p>El pasado viernes 24 de enero, la Sala Aliatar de Granada se convirti\u00f3 en el epicentro de la moda y el dise\u00f1o con la celebraci\u00f3n del&nbsp;\u201cDesing&nbsp;Event\u201d, el esperado evento anual de la Escuela Superior de Arte y Dise\u00f1o de Andaluc\u00eda (ESADA). Este encuentro es una plataforma \u00fanica que combina creatividad, talento emergente y reconocimiento al esfuerzo de estudiantes y egresados que destacan en el mundo del arte y el dise\u00f1o. &nbsp;<\/p>\n\n\n\n<p>El evento no solo fue una celebraci\u00f3n de la moda, sino tambi\u00e9n una oportunidad para que dise\u00f1adores emergentes presentaran sus propuestas al p\u00fablico y a expertos del sector. Este a\u00f1o, como en ediciones anteriores, pudimos disfrutar de una velada llena de inspiraci\u00f3n y estilo, junto a las actuaciones y presentaciones que amenizaron el evento.&nbsp;Uno de los momentos m\u00e1s esperados de la noche fue el desfile de las colecciones creadas por los alumnos de 4\u00ba curso de moda y los egresados de ESADA, estos looks fueron presentados por modelos consagrados y alumnos de la escuela de modelos NOFUENTES que se comportaron como verdaderos profesionales defendiendo cada uno de sus dise\u00f1os.&nbsp;<\/p>\n\n\n\n<p>Las propuestas que se presentaron sobre la pasarela reflejaron una diversidad impresionante de enfoques, desde dise\u00f1os conceptuales y experimentales hasta prendas que destacaban por su funcionalidad y atenci\u00f3n al detalle. Los dise\u00f1adores demostraron su capacidad para interpretar tendencias contempor\u00e1neas y transformarlas en propuestas \u00fanicas que capturan la esencia de la moda moderna. Los asistentes quedaron fascinados por la originalidad, la calidad y la pasi\u00f3n que cada estudiante puso en sus creaciones. &nbsp;<\/p>\n\n\n\n<p>Como parte del&nbsp;Desing&nbsp;Event, ESADA tambi\u00e9n concedi\u00f3 premios a los estudiantes m\u00e1s destacados. Estos reconocimientos celebran la dedicaci\u00f3n, la innovaci\u00f3n y la excelencia t\u00e9cnica de los alumnos en sus respectivos campos. La entrega de premios fue un momento cargado de emoci\u00f3n y orgullo, ya que representa un hito importante para los estudiantes, marcando el inicio de lo que promete ser una carrera exitosa en el dise\u00f1o y la moda. &nbsp;<\/p>\n\n\n\n<p>ESADA, como organizadora del evento, mostr\u00f3 una vez m\u00e1s su compromiso con la formaci\u00f3n de calidad y con el impulso al talento joven. Este tipo de iniciativas no solo destacan el trabajo de los estudiantes, sino que tambi\u00e9n refuerzan el papel de la escuela como referente en la ense\u00f1anza del arte y el dise\u00f1o en Andaluc\u00eda. &nbsp;<\/p>\n\n\n\n<p>Desde&nbsp;la agencia de modelos y eventos&nbsp;Nofuentes,&nbsp;nos sentimos orgullosos de haber sido testigos de esta incre\u00edble velada y de apoyar iniciativas que fomentan el crecimiento de la pr\u00f3xima generaci\u00f3n de talentos del dise\u00f1o.&nbsp;<\/p>\n\n\n\n<p>\u00a1Enhorabuena a todos los participantes y premiados!<\/p>\n\n\n\n<figure class=\"wp-block-gallery has-nested-images columns-default is-cropped wp-block-gallery-1 is-layout-flex wp-block-gallery-is-layout-flex\">\n<figure class=\"wp-block-image size-large\"><img fetchpriority=\"high\" decoding=\"async\" width=\"683\" height=\"1024\" data-id=\"381\" src=\"https:\/\/nomacomunicacion.com\/wp-content\/uploads\/2025\/01\/MG_9371-683x1024.jpg\" alt=\"\" class=\"wp-image-381\" srcset=\"https:\/\/nomacomunicacion.com\/wp-content\/uploads\/2025\/01\/MG_9371-683x1024.jpg 683w, https:\/\/nomacomunicacion.com\/wp-content\/uploads\/2025\/01\/MG_9371-200x300.jpg 200w, https:\/\/nomacomunicacion.com\/wp-content\/uploads\/2025\/01\/MG_9371-768x1152.jpg 768w, https:\/\/nomacomunicacion.com\/wp-content\/uploads\/2025\/01\/MG_9371-1024x1536.jpg 1024w, https:\/\/nomacomunicacion.com\/wp-content\/uploads\/2025\/01\/MG_9371-1365x2048.jpg 1365w, https:\/\/nomacomunicacion.com\/wp-content\/uploads\/2025\/01\/MG_9371-8x12.jpg 8w, https:\/\/nomacomunicacion.com\/wp-content\/uploads\/2025\/01\/MG_9371-scaled.jpg 1707w\" sizes=\"(max-width: 683px) 100vw, 683px\" \/><\/figure>\n\n\n\n<figure class=\"wp-block-image size-large\"><img decoding=\"async\" width=\"1012\" height=\"1024\" data-id=\"382\" src=\"https:\/\/nomacomunicacion.com\/wp-content\/uploads\/2025\/01\/MG_9458-1012x1024.jpg\" alt=\"\" class=\"wp-image-382\" srcset=\"https:\/\/nomacomunicacion.com\/wp-content\/uploads\/2025\/01\/MG_9458-1012x1024.jpg 1012w, https:\/\/nomacomunicacion.com\/wp-content\/uploads\/2025\/01\/MG_9458-297x300.jpg 297w, https:\/\/nomacomunicacion.com\/wp-content\/uploads\/2025\/01\/MG_9458-768x777.jpg 768w, https:\/\/nomacomunicacion.com\/wp-content\/uploads\/2025\/01\/MG_9458-1519x1536.jpg 1519w, https:\/\/nomacomunicacion.com\/wp-content\/uploads\/2025\/01\/MG_9458-2025x2048.jpg 2025w, https:\/\/nomacomunicacion.com\/wp-content\/uploads\/2025\/01\/MG_9458-12x12.jpg 12w, https:\/\/nomacomunicacion.com\/wp-content\/uploads\/2025\/01\/MG_9458-100x100.jpg 100w\" sizes=\"(max-width: 1012px) 100vw, 1012px\" \/><\/figure>\n\n\n\n<figure class=\"wp-block-image size-large\"><img decoding=\"async\" width=\"967\" height=\"1024\" data-id=\"383\" src=\"https:\/\/nomacomunicacion.com\/wp-content\/uploads\/2025\/01\/MG_9653-967x1024.jpg\" alt=\"\" class=\"wp-image-383\" srcset=\"https:\/\/nomacomunicacion.com\/wp-content\/uploads\/2025\/01\/MG_9653-967x1024.jpg 967w, https:\/\/nomacomunicacion.com\/wp-content\/uploads\/2025\/01\/MG_9653-283x300.jpg 283w, https:\/\/nomacomunicacion.com\/wp-content\/uploads\/2025\/01\/MG_9653-768x813.jpg 768w, https:\/\/nomacomunicacion.com\/wp-content\/uploads\/2025\/01\/MG_9653-1451x1536.jpg 1451w, https:\/\/nomacomunicacion.com\/wp-content\/uploads\/2025\/01\/MG_9653-1934x2048.jpg 1934w, https:\/\/nomacomunicacion.com\/wp-content\/uploads\/2025\/01\/MG_9653-11x12.jpg 11w\" sizes=\"(max-width: 967px) 100vw, 967px\" \/><\/figure>\n\n\n\n<figure class=\"wp-block-image size-large\"><img loading=\"lazy\" decoding=\"async\" width=\"728\" height=\"1024\" data-id=\"384\" src=\"https:\/\/nomacomunicacion.com\/wp-content\/uploads\/2025\/01\/MG_9838-728x1024.jpg\" alt=\"\" class=\"wp-image-384\" srcset=\"https:\/\/nomacomunicacion.com\/wp-content\/uploads\/2025\/01\/MG_9838-728x1024.jpg 728w, https:\/\/nomacomunicacion.com\/wp-content\/uploads\/2025\/01\/MG_9838-213x300.jpg 213w, https:\/\/nomacomunicacion.com\/wp-content\/uploads\/2025\/01\/MG_9838-768x1081.jpg 768w, https:\/\/nomacomunicacion.com\/wp-content\/uploads\/2025\/01\/MG_9838-1092x1536.jpg 1092w, https:\/\/nomacomunicacion.com\/wp-content\/uploads\/2025\/01\/MG_9838-1455x2048.jpg 1455w, https:\/\/nomacomunicacion.com\/wp-content\/uploads\/2025\/01\/MG_9838-9x12.jpg 9w, https:\/\/nomacomunicacion.com\/wp-content\/uploads\/2025\/01\/MG_9838-scaled.jpg 1819w\" sizes=\"(max-width: 728px) 100vw, 728px\" \/><\/figure>\n<\/figure>","protected":false},"excerpt":{"rendered":"<p>El pasado viernes 24 de enero, la Sala Aliatar de Granada se convirti\u00f3 en el epicentro de la moda y el dise\u00f1o con la celebraci\u00f3n del&nbsp;\u201cDesing&nbsp;Event\u201d, el esperado evento anual&#8230;<\/p>","protected":false},"author":2,"featured_media":382,"comment_status":"closed","ping_status":"closed","sticky":false,"template":"","format":"aside","meta":{"footnotes":""},"categories":[15,14,8],"tags":[],"class_list":{"0":"post-379","1":"post","2":"type-post","3":"status-publish","4":"format-aside","5":"has-post-thumbnail","7":"category-desfiles","8":"category-esada","9":"category-moda","10":"post_format-post-format-aside"},"yoast_head":"<!-- This site is optimized with the Yoast SEO plugin v24.2 - https:\/\/yoast.com\/wordpress\/plugins\/seo\/ -->\n<title>\u00a0Una Noche de Talento y Creatividad:\u00a0Desing\u00a0Event ESADA\u00a0en la Sala Aliatar - NOMA Comunicaci\u00f3n | Marketing moda y belleza<\/title>\n<meta name=\"robots\" content=\"index, follow, max-snippet:-1, max-image-preview:large, max-video-preview:-1\" \/>\n<link rel=\"canonical\" href=\"https:\/\/nomacomunicacion.com\/en\/2025\/02\/19\/una-noche-de-talento-y-creatividad-desing-event-esada-en-la-sala-aliatar\/\" \/>\n<meta property=\"og:locale\" content=\"en_GB\" \/>\n<meta property=\"og:type\" content=\"article\" \/>\n<meta property=\"og:title\" content=\"\u00a0Una Noche de Talento y Creatividad:\u00a0Desing\u00a0Event ESADA\u00a0en la Sala Aliatar - NOMA Comunicaci\u00f3n | Marketing moda y belleza\" \/>\n<meta property=\"og:description\" content=\"El pasado viernes 24 de enero, la Sala Aliatar de Granada se convirti\u00f3 en el epicentro de la moda y el dise\u00f1o con la celebraci\u00f3n del&nbsp;\u201cDesing&nbsp;Event\u201d, el esperado evento anual...\" \/>\n<meta property=\"og:url\" content=\"https:\/\/nomacomunicacion.com\/en\/2025\/02\/19\/una-noche-de-talento-y-creatividad-desing-event-esada-en-la-sala-aliatar\/\" \/>\n<meta property=\"og:site_name\" content=\"NOMA Comunicaci\u00f3n | Marketing moda y belleza\" \/>\n<meta property=\"article:published_time\" content=\"2025-02-19T10:28:56+00:00\" \/>\n<meta property=\"article:modified_time\" content=\"2025-01-30T10:41:16+00:00\" \/>\n<meta property=\"og:image\" content=\"https:\/\/nomacomunicacion.com\/wp-content\/uploads\/2025\/01\/MG_9458-scaled.jpg\" \/>\n\t<meta property=\"og:image:width\" content=\"2531\" \/>\n\t<meta property=\"og:image:height\" content=\"2560\" \/>\n\t<meta property=\"og:image:type\" content=\"image\/jpeg\" \/>\n<meta name=\"author\" content=\"Marcos Garc\u00eda\" \/>\n<meta name=\"twitter:card\" content=\"summary_large_image\" \/>\n<meta name=\"twitter:label1\" content=\"Written by\" \/>\n\t<meta name=\"twitter:data1\" content=\"Marcos Garc\u00eda\" \/>\n\t<meta name=\"twitter:label2\" content=\"Estimated reading time\" \/>\n\t<meta name=\"twitter:data2\" content=\"3 minutes\" \/>\n<script type=\"application\/ld+json\" class=\"yoast-schema-graph\">{\"@context\":\"https:\/\/schema.org\",\"@graph\":[{\"@type\":\"WebPage\",\"@id\":\"https:\/\/nomacomunicacion.com\/2025\/02\/19\/una-noche-de-talento-y-creatividad-desing-event-esada-en-la-sala-aliatar\/\",\"url\":\"https:\/\/nomacomunicacion.com\/2025\/02\/19\/una-noche-de-talento-y-creatividad-desing-event-esada-en-la-sala-aliatar\/\",\"name\":\"\u00a0Una Noche de Talento y Creatividad:\u00a0Desing\u00a0Event ESADA\u00a0en la Sala Aliatar - NOMA Comunicaci\u00f3n | Marketing moda y belleza\",\"isPartOf\":{\"@id\":\"https:\/\/nomacomunicacion.com\/#website\"},\"primaryImageOfPage\":{\"@id\":\"https:\/\/nomacomunicacion.com\/2025\/02\/19\/una-noche-de-talento-y-creatividad-desing-event-esada-en-la-sala-aliatar\/#primaryimage\"},\"image\":{\"@id\":\"https:\/\/nomacomunicacion.com\/2025\/02\/19\/una-noche-de-talento-y-creatividad-desing-event-esada-en-la-sala-aliatar\/#primaryimage\"},\"thumbnailUrl\":\"https:\/\/nomacomunicacion.com\/wp-content\/uploads\/2025\/01\/MG_9458-scaled.jpg\",\"datePublished\":\"2025-02-19T10:28:56+00:00\",\"dateModified\":\"2025-01-30T10:41:16+00:00\",\"author\":{\"@id\":\"https:\/\/nomacomunicacion.com\/#\/schema\/person\/293d1eeff5b2692ed76f8b0d9d559226\"},\"breadcrumb\":{\"@id\":\"https:\/\/nomacomunicacion.com\/2025\/02\/19\/una-noche-de-talento-y-creatividad-desing-event-esada-en-la-sala-aliatar\/#breadcrumb\"},\"inLanguage\":\"en-GB\",\"potentialAction\":[{\"@type\":\"ReadAction\",\"target\":[\"https:\/\/nomacomunicacion.com\/2025\/02\/19\/una-noche-de-talento-y-creatividad-desing-event-esada-en-la-sala-aliatar\/\"]}]},{\"@type\":\"ImageObject\",\"inLanguage\":\"en-GB\",\"@id\":\"https:\/\/nomacomunicacion.com\/2025\/02\/19\/una-noche-de-talento-y-creatividad-desing-event-esada-en-la-sala-aliatar\/#primaryimage\",\"url\":\"https:\/\/nomacomunicacion.com\/wp-content\/uploads\/2025\/01\/MG_9458-scaled.jpg\",\"contentUrl\":\"https:\/\/nomacomunicacion.com\/wp-content\/uploads\/2025\/01\/MG_9458-scaled.jpg\",\"width\":2531,\"height\":2560},{\"@type\":\"BreadcrumbList\",\"@id\":\"https:\/\/nomacomunicacion.com\/2025\/02\/19\/una-noche-de-talento-y-creatividad-desing-event-esada-en-la-sala-aliatar\/#breadcrumb\",\"itemListElement\":[{\"@type\":\"ListItem\",\"position\":1,\"name\":\"Portada\",\"item\":\"https:\/\/nomacomunicacion.com\/\"},{\"@type\":\"ListItem\",\"position\":2,\"name\":\"\u00a0Una Noche de Talento y Creatividad:\u00a0Desing\u00a0Event ESADA\u00a0en la Sala Aliatar\"}]},{\"@type\":\"WebSite\",\"@id\":\"https:\/\/nomacomunicacion.com\/#website\",\"url\":\"https:\/\/nomacomunicacion.com\/\",\"name\":\"NOMA Comunicaci\u00f3n | Marketing moda y belleza\",\"description\":\"\",\"potentialAction\":[{\"@type\":\"SearchAction\",\"target\":{\"@type\":\"EntryPoint\",\"urlTemplate\":\"https:\/\/nomacomunicacion.com\/?s={search_term_string}\"},\"query-input\":{\"@type\":\"PropertyValueSpecification\",\"valueRequired\":true,\"valueName\":\"search_term_string\"}}],\"inLanguage\":\"en-GB\"},{\"@type\":\"Person\",\"@id\":\"https:\/\/nomacomunicacion.com\/#\/schema\/person\/293d1eeff5b2692ed76f8b0d9d559226\",\"name\":\"Marcos Garc\u00eda\",\"url\":\"https:\/\/nomacomunicacion.com\/en\/author\/marcosgarcia\/\"}]}<\/script>\n<!-- \/ Yoast SEO plugin. -->","yoast_head_json":{"title":"\u00a0Una Noche de Talento y Creatividad:\u00a0Desing\u00a0Event ESADA\u00a0en la Sala Aliatar - NOMA Comunicaci\u00f3n | Marketing moda y belleza","robots":{"index":"index","follow":"follow","max-snippet":"max-snippet:-1","max-image-preview":"max-image-preview:large","max-video-preview":"max-video-preview:-1"},"canonical":"https:\/\/nomacomunicacion.com\/en\/2025\/02\/19\/una-noche-de-talento-y-creatividad-desing-event-esada-en-la-sala-aliatar\/","og_locale":"en_GB","og_type":"article","og_title":"\u00a0Una Noche de Talento y Creatividad:\u00a0Desing\u00a0Event ESADA\u00a0en la Sala Aliatar - NOMA Comunicaci\u00f3n | Marketing moda y belleza","og_description":"El pasado viernes 24 de enero, la Sala Aliatar de Granada se convirti\u00f3 en el epicentro de la moda y el dise\u00f1o con la celebraci\u00f3n del&nbsp;\u201cDesing&nbsp;Event\u201d, el esperado evento anual...","og_url":"https:\/\/nomacomunicacion.com\/en\/2025\/02\/19\/una-noche-de-talento-y-creatividad-desing-event-esada-en-la-sala-aliatar\/","og_site_name":"NOMA Comunicaci\u00f3n | Marketing moda y belleza","article_published_time":"2025-02-19T10:28:56+00:00","article_modified_time":"2025-01-30T10:41:16+00:00","og_image":[{"width":2531,"height":2560,"url":"https:\/\/nomacomunicacion.com\/wp-content\/uploads\/2025\/01\/MG_9458-scaled.jpg","type":"image\/jpeg"}],"author":"Marcos Garc\u00eda","twitter_card":"summary_large_image","twitter_misc":{"Written by":"Marcos Garc\u00eda","Estimated reading time":"3 minutes"},"schema":{"@context":"https:\/\/schema.org","@graph":[{"@type":"WebPage","@id":"https:\/\/nomacomunicacion.com\/2025\/02\/19\/una-noche-de-talento-y-creatividad-desing-event-esada-en-la-sala-aliatar\/","url":"https:\/\/nomacomunicacion.com\/2025\/02\/19\/una-noche-de-talento-y-creatividad-desing-event-esada-en-la-sala-aliatar\/","name":"\u00a0Una Noche de Talento y Creatividad:\u00a0Desing\u00a0Event ESADA\u00a0en la Sala Aliatar - NOMA Comunicaci\u00f3n | Marketing moda y belleza","isPartOf":{"@id":"https:\/\/nomacomunicacion.com\/#website"},"primaryImageOfPage":{"@id":"https:\/\/nomacomunicacion.com\/2025\/02\/19\/una-noche-de-talento-y-creatividad-desing-event-esada-en-la-sala-aliatar\/#primaryimage"},"image":{"@id":"https:\/\/nomacomunicacion.com\/2025\/02\/19\/una-noche-de-talento-y-creatividad-desing-event-esada-en-la-sala-aliatar\/#primaryimage"},"thumbnailUrl":"https:\/\/nomacomunicacion.com\/wp-content\/uploads\/2025\/01\/MG_9458-scaled.jpg","datePublished":"2025-02-19T10:28:56+00:00","dateModified":"2025-01-30T10:41:16+00:00","author":{"@id":"https:\/\/nomacomunicacion.com\/#\/schema\/person\/293d1eeff5b2692ed76f8b0d9d559226"},"breadcrumb":{"@id":"https:\/\/nomacomunicacion.com\/2025\/02\/19\/una-noche-de-talento-y-creatividad-desing-event-esada-en-la-sala-aliatar\/#breadcrumb"},"inLanguage":"en-GB","potentialAction":[{"@type":"ReadAction","target":["https:\/\/nomacomunicacion.com\/2025\/02\/19\/una-noche-de-talento-y-creatividad-desing-event-esada-en-la-sala-aliatar\/"]}]},{"@type":"ImageObject","inLanguage":"en-GB","@id":"https:\/\/nomacomunicacion.com\/2025\/02\/19\/una-noche-de-talento-y-creatividad-desing-event-esada-en-la-sala-aliatar\/#primaryimage","url":"https:\/\/nomacomunicacion.com\/wp-content\/uploads\/2025\/01\/MG_9458-scaled.jpg","contentUrl":"https:\/\/nomacomunicacion.com\/wp-content\/uploads\/2025\/01\/MG_9458-scaled.jpg","width":2531,"height":2560},{"@type":"BreadcrumbList","@id":"https:\/\/nomacomunicacion.com\/2025\/02\/19\/una-noche-de-talento-y-creatividad-desing-event-esada-en-la-sala-aliatar\/#breadcrumb","itemListElement":[{"@type":"ListItem","position":1,"name":"Portada","item":"https:\/\/nomacomunicacion.com\/"},{"@type":"ListItem","position":2,"name":"\u00a0Una Noche de Talento y Creatividad:\u00a0Desing\u00a0Event ESADA\u00a0en la Sala Aliatar"}]},{"@type":"WebSite","@id":"https:\/\/nomacomunicacion.com\/#website","url":"https:\/\/nomacomunicacion.com\/","name":"NOMA Comunicaci\u00f3n | Marketing moda y belleza","description":"","potentialAction":[{"@type":"SearchAction","target":{"@type":"EntryPoint","urlTemplate":"https:\/\/nomacomunicacion.com\/?s={search_term_string}"},"query-input":{"@type":"PropertyValueSpecification","valueRequired":true,"valueName":"search_term_string"}}],"inLanguage":"en-GB"},{"@type":"Person","@id":"https:\/\/nomacomunicacion.com\/#\/schema\/person\/293d1eeff5b2692ed76f8b0d9d559226","name":"Marcos Garc\u00eda","url":"https:\/\/nomacomunicacion.com\/en\/author\/marcosgarcia\/"}]}},"_links":{"self":[{"href":"https:\/\/nomacomunicacion.com\/en\/wp-json\/wp\/v2\/posts\/379","targetHints":{"allow":["GET"]}}],"collection":[{"href":"https:\/\/nomacomunicacion.com\/en\/wp-json\/wp\/v2\/posts"}],"about":[{"href":"https:\/\/nomacomunicacion.com\/en\/wp-json\/wp\/v2\/types\/post"}],"author":[{"embeddable":true,"href":"https:\/\/nomacomunicacion.com\/en\/wp-json\/wp\/v2\/users\/2"}],"replies":[{"embeddable":true,"href":"https:\/\/nomacomunicacion.com\/en\/wp-json\/wp\/v2\/comments?post=379"}],"version-history":[{"count":1,"href":"https:\/\/nomacomunicacion.com\/en\/wp-json\/wp\/v2\/posts\/379\/revisions"}],"predecessor-version":[{"id":385,"href":"https:\/\/nomacomunicacion.com\/en\/wp-json\/wp\/v2\/posts\/379\/revisions\/385"}],"wp:featuredmedia":[{"embeddable":true,"href":"https:\/\/nomacomunicacion.com\/en\/wp-json\/wp\/v2\/media\/382"}],"wp:attachment":[{"href":"https:\/\/nomacomunicacion.com\/en\/wp-json\/wp\/v2\/media?parent=379"}],"wp:term":[{"taxonomy":"category","embeddable":true,"href":"https:\/\/nomacomunicacion.com\/en\/wp-json\/wp\/v2\/categories?post=379"},{"taxonomy":"post_tag","embeddable":true,"href":"https:\/\/nomacomunicacion.com\/en\/wp-json\/wp\/v2\/tags?post=379"}],"curies":[{"name":"wp","href":"https:\/\/api.w.org\/{rel}","templated":true}]}}