{"id":422,"date":"2025-04-24T21:32:28","date_gmt":"2025-04-24T19:32:28","guid":{"rendered":"https:\/\/nomacomunicacion.com\/?p=422"},"modified":"2025-04-05T21:34:05","modified_gmt":"2025-04-05T19:34:05","slug":"la-importancia-de-contratar-una-buena-asesoria-de-marca","status":"publish","type":"post","link":"https:\/\/nomacomunicacion.com\/en\/2025\/04\/24\/la-importancia-de-contratar-una-buena-asesoria-de-marca\/","title":{"rendered":"La importancia de contratar una buena Asesor\u00eda de Marca."},"content":{"rendered":"<p>En el competitivo mundo actual, donde la primera impresi\u00f3n puede ser la diferencia entre captar o perder un cliente, construir una marca s\u00f3lida y coherente es m\u00e1s esencial que nunca. En NOMA Comunicaci\u00f3n, especializados en moda, belleza y lifestyle, entendemos que una buena asesor\u00eda de marca no solo es una opci\u00f3n, sino una inversi\u00f3n imprescindible para el \u00e9xito.<\/p>\n\n\n\n<p>Una asesor\u00eda de marca profesional va mucho m\u00e1s all\u00e1 de dise\u00f1ar un logotipo o elegir una paleta de colores. Implica un an\u00e1lisis profundo del mercado, un estudio de la competencia, la definici\u00f3n de la narrativa y la personalidad de la marca, y la creaci\u00f3n de estrategias de posicionamiento que te permitan destacar de manera aut\u00e9ntica y memorable.<\/p>\n\n\n\n<p>En NOMA trabajamos para la creaci\u00f3n de nombre e historia, identidad visual corporativa, desarrollo de manual de marca y producci\u00f3n de contenido que conecte con tu audiencia.<\/p>\n\n\n\n<p>Con una asesor\u00eda de marca pretendemos entre otros aspectos:<\/p>\n\n\n\n<ul class=\"wp-block-list\">\n<li>Potenciar tu visibilidad y reputaci\u00f3n en el mercado.<\/li>\n\n\n\n<li>Aumentar tus ventas<\/li>\n\n\n\n<li>Expandir tu presencia digital, mediante estrategias de marketing online, SEO\/SEM, community management y campa\u00f1as de publicidad.<\/li>\n\n\n\n<li>Crear experiencias de marca \u00fanicas con eventos exclusivos y lanzamientos de productos.<\/li>\n\n\n\n<li>Construir una comunidad fiel alrededor de tu marca, a trav\u00e9s de estrategias de comunicaci\u00f3n, relaciones p\u00fablicas y marketing de influencers.<\/li>\n<\/ul>\n\n\n\n<figure class=\"wp-block-gallery has-nested-images columns-default is-cropped wp-block-gallery-1 is-layout-flex wp-block-gallery-is-layout-flex\">\n<figure class=\"wp-block-image size-large\"><img fetchpriority=\"high\" decoding=\"async\" width=\"1024\" height=\"855\" data-id=\"423\" src=\"https:\/\/nomacomunicacion.com\/wp-content\/uploads\/2025\/04\/Asesoria-de-marcas0-1024x855.jpg\" alt=\"\" class=\"wp-image-423\" srcset=\"https:\/\/nomacomunicacion.com\/wp-content\/uploads\/2025\/04\/Asesoria-de-marcas0-1024x855.jpg 1024w, https:\/\/nomacomunicacion.com\/wp-content\/uploads\/2025\/04\/Asesoria-de-marcas0-300x250.jpg 300w, https:\/\/nomacomunicacion.com\/wp-content\/uploads\/2025\/04\/Asesoria-de-marcas0-768x641.jpg 768w, https:\/\/nomacomunicacion.com\/wp-content\/uploads\/2025\/04\/Asesoria-de-marcas0-14x12.jpg 14w, https:\/\/nomacomunicacion.com\/wp-content\/uploads\/2025\/04\/Asesoria-de-marcas0.jpg 1438w\" sizes=\"(max-width: 1024px) 100vw, 1024px\" \/><\/figure>\n\n\n\n<figure class=\"wp-block-image size-large\"><img decoding=\"async\" width=\"1024\" height=\"670\" data-id=\"424\" src=\"https:\/\/nomacomunicacion.com\/wp-content\/uploads\/2025\/04\/Asesoria-de-marcas1.jpg\" alt=\"\" class=\"wp-image-424\" srcset=\"https:\/\/nomacomunicacion.com\/wp-content\/uploads\/2025\/04\/Asesoria-de-marcas1.jpg 1024w, https:\/\/nomacomunicacion.com\/wp-content\/uploads\/2025\/04\/Asesoria-de-marcas1-300x196.jpg 300w, https:\/\/nomacomunicacion.com\/wp-content\/uploads\/2025\/04\/Asesoria-de-marcas1-768x503.jpg 768w, https:\/\/nomacomunicacion.com\/wp-content\/uploads\/2025\/04\/Asesoria-de-marcas1-18x12.jpg 18w\" sizes=\"(max-width: 1024px) 100vw, 1024px\" \/><\/figure>\n<\/figure>","protected":false},"excerpt":{"rendered":"<p>En el competitivo mundo actual, donde la primera impresi\u00f3n puede ser la diferencia entre captar o perder un cliente, construir una marca s\u00f3lida y coherente es m\u00e1s esencial que nunca&#8230;.<\/p>","protected":false},"author":2,"featured_media":425,"comment_status":"closed","ping_status":"closed","sticky":false,"template":"","format":"aside","meta":{"footnotes":""},"categories":[1],"tags":[],"class_list":{"0":"post-422","1":"post","2":"type-post","3":"status-publish","4":"format-aside","5":"has-post-thumbnail","7":"category-sin-categoria","8":"post_format-post-format-aside"},"yoast_head":"<!-- This site is optimized with the Yoast SEO plugin v24.2 - https:\/\/yoast.com\/wordpress\/plugins\/seo\/ -->\n<title>La importancia de contratar una buena Asesor\u00eda de Marca. - NOMA Comunicaci\u00f3n | Marketing moda y belleza<\/title>\n<meta name=\"robots\" content=\"index, follow, max-snippet:-1, max-image-preview:large, max-video-preview:-1\" \/>\n<link rel=\"canonical\" href=\"https:\/\/nomacomunicacion.com\/en\/2025\/04\/24\/la-importancia-de-contratar-una-buena-asesoria-de-marca\/\" \/>\n<meta property=\"og:locale\" content=\"en_GB\" \/>\n<meta property=\"og:type\" content=\"article\" \/>\n<meta property=\"og:title\" content=\"La importancia de contratar una buena Asesor\u00eda de Marca. - NOMA Comunicaci\u00f3n | Marketing moda y belleza\" \/>\n<meta property=\"og:description\" content=\"En el competitivo mundo actual, donde la primera impresi\u00f3n puede ser la diferencia entre captar o perder un cliente, construir una marca s\u00f3lida y coherente es m\u00e1s esencial que nunca....\" \/>\n<meta property=\"og:url\" content=\"https:\/\/nomacomunicacion.com\/en\/2025\/04\/24\/la-importancia-de-contratar-una-buena-asesoria-de-marca\/\" \/>\n<meta property=\"og:site_name\" content=\"NOMA Comunicaci\u00f3n | Marketing moda y belleza\" \/>\n<meta property=\"article:published_time\" content=\"2025-04-24T19:32:28+00:00\" \/>\n<meta property=\"article:modified_time\" content=\"2025-04-05T19:34:05+00:00\" \/>\n<meta property=\"og:image\" content=\"https:\/\/nomacomunicacion.com\/wp-content\/uploads\/2025\/04\/Asesoria-de-marcas2.jpg\" \/>\n\t<meta property=\"og:image:width\" content=\"1200\" \/>\n\t<meta property=\"og:image:height\" content=\"800\" \/>\n\t<meta property=\"og:image:type\" content=\"image\/jpeg\" \/>\n<meta name=\"author\" content=\"Marcos Garc\u00eda\" \/>\n<meta name=\"twitter:card\" content=\"summary_large_image\" \/>\n<meta name=\"twitter:label1\" content=\"Written by\" \/>\n\t<meta name=\"twitter:data1\" content=\"Marcos Garc\u00eda\" \/>\n\t<meta name=\"twitter:label2\" content=\"Estimated reading time\" \/>\n\t<meta name=\"twitter:data2\" content=\"2 minutes\" \/>\n<script type=\"application\/ld+json\" class=\"yoast-schema-graph\">{\"@context\":\"https:\/\/schema.org\",\"@graph\":[{\"@type\":\"WebPage\",\"@id\":\"https:\/\/nomacomunicacion.com\/2025\/04\/24\/la-importancia-de-contratar-una-buena-asesoria-de-marca\/\",\"url\":\"https:\/\/nomacomunicacion.com\/2025\/04\/24\/la-importancia-de-contratar-una-buena-asesoria-de-marca\/\",\"name\":\"La importancia de contratar una buena Asesor\u00eda de Marca. - NOMA Comunicaci\u00f3n | Marketing moda y belleza\",\"isPartOf\":{\"@id\":\"https:\/\/nomacomunicacion.com\/#website\"},\"primaryImageOfPage\":{\"@id\":\"https:\/\/nomacomunicacion.com\/2025\/04\/24\/la-importancia-de-contratar-una-buena-asesoria-de-marca\/#primaryimage\"},\"image\":{\"@id\":\"https:\/\/nomacomunicacion.com\/2025\/04\/24\/la-importancia-de-contratar-una-buena-asesoria-de-marca\/#primaryimage\"},\"thumbnailUrl\":\"https:\/\/nomacomunicacion.com\/wp-content\/uploads\/2025\/04\/Asesoria-de-marcas2.jpg\",\"datePublished\":\"2025-04-24T19:32:28+00:00\",\"dateModified\":\"2025-04-05T19:34:05+00:00\",\"author\":{\"@id\":\"https:\/\/nomacomunicacion.com\/#\/schema\/person\/293d1eeff5b2692ed76f8b0d9d559226\"},\"breadcrumb\":{\"@id\":\"https:\/\/nomacomunicacion.com\/2025\/04\/24\/la-importancia-de-contratar-una-buena-asesoria-de-marca\/#breadcrumb\"},\"inLanguage\":\"en-GB\",\"potentialAction\":[{\"@type\":\"ReadAction\",\"target\":[\"https:\/\/nomacomunicacion.com\/2025\/04\/24\/la-importancia-de-contratar-una-buena-asesoria-de-marca\/\"]}]},{\"@type\":\"ImageObject\",\"inLanguage\":\"en-GB\",\"@id\":\"https:\/\/nomacomunicacion.com\/2025\/04\/24\/la-importancia-de-contratar-una-buena-asesoria-de-marca\/#primaryimage\",\"url\":\"https:\/\/nomacomunicacion.com\/wp-content\/uploads\/2025\/04\/Asesoria-de-marcas2.jpg\",\"contentUrl\":\"https:\/\/nomacomunicacion.com\/wp-content\/uploads\/2025\/04\/Asesoria-de-marcas2.jpg\",\"width\":1200,\"height\":800,\"caption\":\"Asesor\u00eda de marca\"},{\"@type\":\"BreadcrumbList\",\"@id\":\"https:\/\/nomacomunicacion.com\/2025\/04\/24\/la-importancia-de-contratar-una-buena-asesoria-de-marca\/#breadcrumb\",\"itemListElement\":[{\"@type\":\"ListItem\",\"position\":1,\"name\":\"Portada\",\"item\":\"https:\/\/nomacomunicacion.com\/\"},{\"@type\":\"ListItem\",\"position\":2,\"name\":\"La importancia de contratar una buena Asesor\u00eda de Marca.\"}]},{\"@type\":\"WebSite\",\"@id\":\"https:\/\/nomacomunicacion.com\/#website\",\"url\":\"https:\/\/nomacomunicacion.com\/\",\"name\":\"NOMA Comunicaci\u00f3n | Marketing moda y belleza\",\"description\":\"\",\"potentialAction\":[{\"@type\":\"SearchAction\",\"target\":{\"@type\":\"EntryPoint\",\"urlTemplate\":\"https:\/\/nomacomunicacion.com\/?s={search_term_string}\"},\"query-input\":{\"@type\":\"PropertyValueSpecification\",\"valueRequired\":true,\"valueName\":\"search_term_string\"}}],\"inLanguage\":\"en-GB\"},{\"@type\":\"Person\",\"@id\":\"https:\/\/nomacomunicacion.com\/#\/schema\/person\/293d1eeff5b2692ed76f8b0d9d559226\",\"name\":\"Marcos Garc\u00eda\",\"url\":\"https:\/\/nomacomunicacion.com\/en\/author\/marcosgarcia\/\"}]}<\/script>\n<!-- \/ Yoast SEO plugin. -->","yoast_head_json":{"title":"La importancia de contratar una buena Asesor\u00eda de Marca. - NOMA Comunicaci\u00f3n | Marketing moda y belleza","robots":{"index":"index","follow":"follow","max-snippet":"max-snippet:-1","max-image-preview":"max-image-preview:large","max-video-preview":"max-video-preview:-1"},"canonical":"https:\/\/nomacomunicacion.com\/en\/2025\/04\/24\/la-importancia-de-contratar-una-buena-asesoria-de-marca\/","og_locale":"en_GB","og_type":"article","og_title":"La importancia de contratar una buena Asesor\u00eda de Marca. - NOMA Comunicaci\u00f3n | Marketing moda y belleza","og_description":"En el competitivo mundo actual, donde la primera impresi\u00f3n puede ser la diferencia entre captar o perder un cliente, construir una marca s\u00f3lida y coherente es m\u00e1s esencial que nunca....","og_url":"https:\/\/nomacomunicacion.com\/en\/2025\/04\/24\/la-importancia-de-contratar-una-buena-asesoria-de-marca\/","og_site_name":"NOMA Comunicaci\u00f3n | Marketing moda y belleza","article_published_time":"2025-04-24T19:32:28+00:00","article_modified_time":"2025-04-05T19:34:05+00:00","og_image":[{"width":1200,"height":800,"url":"https:\/\/nomacomunicacion.com\/wp-content\/uploads\/2025\/04\/Asesoria-de-marcas2.jpg","type":"image\/jpeg"}],"author":"Marcos Garc\u00eda","twitter_card":"summary_large_image","twitter_misc":{"Written by":"Marcos Garc\u00eda","Estimated reading time":"2 minutes"},"schema":{"@context":"https:\/\/schema.org","@graph":[{"@type":"WebPage","@id":"https:\/\/nomacomunicacion.com\/2025\/04\/24\/la-importancia-de-contratar-una-buena-asesoria-de-marca\/","url":"https:\/\/nomacomunicacion.com\/2025\/04\/24\/la-importancia-de-contratar-una-buena-asesoria-de-marca\/","name":"La importancia de contratar una buena Asesor\u00eda de Marca. - NOMA Comunicaci\u00f3n | Marketing moda y belleza","isPartOf":{"@id":"https:\/\/nomacomunicacion.com\/#website"},"primaryImageOfPage":{"@id":"https:\/\/nomacomunicacion.com\/2025\/04\/24\/la-importancia-de-contratar-una-buena-asesoria-de-marca\/#primaryimage"},"image":{"@id":"https:\/\/nomacomunicacion.com\/2025\/04\/24\/la-importancia-de-contratar-una-buena-asesoria-de-marca\/#primaryimage"},"thumbnailUrl":"https:\/\/nomacomunicacion.com\/wp-content\/uploads\/2025\/04\/Asesoria-de-marcas2.jpg","datePublished":"2025-04-24T19:32:28+00:00","dateModified":"2025-04-05T19:34:05+00:00","author":{"@id":"https:\/\/nomacomunicacion.com\/#\/schema\/person\/293d1eeff5b2692ed76f8b0d9d559226"},"breadcrumb":{"@id":"https:\/\/nomacomunicacion.com\/2025\/04\/24\/la-importancia-de-contratar-una-buena-asesoria-de-marca\/#breadcrumb"},"inLanguage":"en-GB","potentialAction":[{"@type":"ReadAction","target":["https:\/\/nomacomunicacion.com\/2025\/04\/24\/la-importancia-de-contratar-una-buena-asesoria-de-marca\/"]}]},{"@type":"ImageObject","inLanguage":"en-GB","@id":"https:\/\/nomacomunicacion.com\/2025\/04\/24\/la-importancia-de-contratar-una-buena-asesoria-de-marca\/#primaryimage","url":"https:\/\/nomacomunicacion.com\/wp-content\/uploads\/2025\/04\/Asesoria-de-marcas2.jpg","contentUrl":"https:\/\/nomacomunicacion.com\/wp-content\/uploads\/2025\/04\/Asesoria-de-marcas2.jpg","width":1200,"height":800,"caption":"Asesor\u00eda de marca"},{"@type":"BreadcrumbList","@id":"https:\/\/nomacomunicacion.com\/2025\/04\/24\/la-importancia-de-contratar-una-buena-asesoria-de-marca\/#breadcrumb","itemListElement":[{"@type":"ListItem","position":1,"name":"Portada","item":"https:\/\/nomacomunicacion.com\/"},{"@type":"ListItem","position":2,"name":"La importancia de contratar una buena Asesor\u00eda de Marca."}]},{"@type":"WebSite","@id":"https:\/\/nomacomunicacion.com\/#website","url":"https:\/\/nomacomunicacion.com\/","name":"NOMA Comunicaci\u00f3n | Marketing moda y belleza","description":"","potentialAction":[{"@type":"SearchAction","target":{"@type":"EntryPoint","urlTemplate":"https:\/\/nomacomunicacion.com\/?s={search_term_string}"},"query-input":{"@type":"PropertyValueSpecification","valueRequired":true,"valueName":"search_term_string"}}],"inLanguage":"en-GB"},{"@type":"Person","@id":"https:\/\/nomacomunicacion.com\/#\/schema\/person\/293d1eeff5b2692ed76f8b0d9d559226","name":"Marcos Garc\u00eda","url":"https:\/\/nomacomunicacion.com\/en\/author\/marcosgarcia\/"}]}},"_links":{"self":[{"href":"https:\/\/nomacomunicacion.com\/en\/wp-json\/wp\/v2\/posts\/422","targetHints":{"allow":["GET"]}}],"collection":[{"href":"https:\/\/nomacomunicacion.com\/en\/wp-json\/wp\/v2\/posts"}],"about":[{"href":"https:\/\/nomacomunicacion.com\/en\/wp-json\/wp\/v2\/types\/post"}],"author":[{"embeddable":true,"href":"https:\/\/nomacomunicacion.com\/en\/wp-json\/wp\/v2\/users\/2"}],"replies":[{"embeddable":true,"href":"https:\/\/nomacomunicacion.com\/en\/wp-json\/wp\/v2\/comments?post=422"}],"version-history":[{"count":1,"href":"https:\/\/nomacomunicacion.com\/en\/wp-json\/wp\/v2\/posts\/422\/revisions"}],"predecessor-version":[{"id":426,"href":"https:\/\/nomacomunicacion.com\/en\/wp-json\/wp\/v2\/posts\/422\/revisions\/426"}],"wp:featuredmedia":[{"embeddable":true,"href":"https:\/\/nomacomunicacion.com\/en\/wp-json\/wp\/v2\/media\/425"}],"wp:attachment":[{"href":"https:\/\/nomacomunicacion.com\/en\/wp-json\/wp\/v2\/media?parent=422"}],"wp:term":[{"taxonomy":"category","embeddable":true,"href":"https:\/\/nomacomunicacion.com\/en\/wp-json\/wp\/v2\/categories?post=422"},{"taxonomy":"post_tag","embeddable":true,"href":"https:\/\/nomacomunicacion.com\/en\/wp-json\/wp\/v2\/tags?post=422"}],"curies":[{"name":"wp","href":"https:\/\/api.w.org\/{rel}","templated":true}]}}