{"id":542,"date":"2025-07-30T16:44:09","date_gmt":"2025-07-30T14:44:09","guid":{"rendered":"https:\/\/nomacomunicacion.com\/?p=542"},"modified":"2025-07-03T16:46:10","modified_gmt":"2025-07-03T14:46:10","slug":"crea-un-evento-de-moda-inolvidable-tu-marca-en-el-foco","status":"publish","type":"post","link":"https:\/\/nomacomunicacion.com\/en\/2025\/07\/30\/crea-un-evento-de-moda-inolvidable-tu-marca-en-el-foco\/","title":{"rendered":"Crea un Evento de Moda Inolvidable: \u00a1Tu Marca en el Foco!"},"content":{"rendered":"<p>\u00bfSue\u00f1as con un <strong>evento de moda<\/strong> que capture la esencia de tu marca y la posicione en lo m\u00e1s alto? En NOMA Comunicaci\u00f3n, tu <strong>agencia de eventos de moda y belleza<\/strong>, sabemos que cada desfile, showroom o presentaci\u00f3n de producto es una oportunidad \u00fanica para crear una experiencia memorable.<\/p>\n\n\n\n<p>Convertir tu lanzamiento en tendencia requiere una <strong>organizaci\u00f3n de eventos de moda<\/strong> impecable. Desde la <strong>direcci\u00f3n creativa<\/strong> (escenograf\u00eda, m\u00fasica, estilismo) hasta la selecci\u00f3n estrat\u00e9gica de invitados (influencers clave, prensa especializada y clientes), cada detalle cuenta para reflejar el ADN de tu marca. Adem\u00e1s, la <strong>cobertura digital<\/strong> en tiempo real es vital: creamos contenido impactante para redes sociales que amplifica tu impacto m\u00e1s all\u00e1 de lo presencial.<\/p>\n\n\n\n<p>En NOMA, somos expertos en <strong>producci\u00f3n de eventos moda<\/strong> que conectan. Un ejemplo claro es la <strong>estrategia de eventos de marca<\/strong> para <strong>Granada Alta Cultura<\/strong>, donde cada acci\u00f3n de comunicaci\u00f3n reflej\u00f3 su visi\u00f3n, generando un impacto significativo y conversaci\u00f3n en torno al proyecto.<\/p>\n\n\n\n<p><strong>Tip NOMA:<\/strong> Un <strong>evento de moda<\/strong> exitoso no termina al bajar el tel\u00f3n. El seguimiento y las publicaciones posteriores son clave para consolidar su efecto a largo plazo.<\/p>\n\n\n\n<p>Si tienes un pr\u00f3ximo lanzamiento o quieres que tu <strong>evento de belleza<\/strong> marque la diferencia, somos tu <strong>agencia de comunicaci\u00f3n en Granada<\/strong> y en NOMA lo transformamos en una experiencia inolvidable. <strong>\u00a1Cont\u00e1ctanos y hagamos magia juntos!<\/strong><\/p>","protected":false},"excerpt":{"rendered":"<p>\u00bfSue\u00f1as con un evento de moda que capture la esencia de tu marca y la posicione en lo m\u00e1s alto? En NOMA Comunicaci\u00f3n, tu agencia de eventos de moda y&#8230;<\/p>","protected":false},"author":3,"featured_media":539,"comment_status":"closed","ping_status":"closed","sticky":false,"template":"","format":"aside","meta":{"footnotes":""},"categories":[16,12,18,8],"tags":[],"class_list":{"0":"post-542","1":"post","2":"type-post","3":"status-publish","4":"format-aside","5":"has-post-thumbnail","7":"category-asesoria-de-marcas","8":"category-comunicacion","9":"category-eventos","10":"category-moda","11":"post_format-post-format-aside"},"yoast_head":"<!-- This site is optimized with the Yoast SEO plugin v24.2 - https:\/\/yoast.com\/wordpress\/plugins\/seo\/ -->\n<title>Crea un Evento de Moda Inolvidable: \u00a1Tu Marca en el Foco! - NOMA Comunicaci\u00f3n | Marketing moda y belleza<\/title>\n<meta name=\"robots\" content=\"index, follow, max-snippet:-1, max-image-preview:large, max-video-preview:-1\" \/>\n<link rel=\"canonical\" href=\"https:\/\/nomacomunicacion.com\/en\/2025\/07\/30\/crea-un-evento-de-moda-inolvidable-tu-marca-en-el-foco\/\" \/>\n<meta property=\"og:locale\" content=\"en_GB\" \/>\n<meta property=\"og:type\" content=\"article\" \/>\n<meta property=\"og:title\" content=\"Crea un Evento de Moda Inolvidable: \u00a1Tu Marca en el Foco! - NOMA Comunicaci\u00f3n | Marketing moda y belleza\" \/>\n<meta property=\"og:description\" content=\"\u00bfSue\u00f1as con un evento de moda que capture la esencia de tu marca y la posicione en lo m\u00e1s alto? En NOMA Comunicaci\u00f3n, tu agencia de eventos de moda y...\" \/>\n<meta property=\"og:url\" content=\"https:\/\/nomacomunicacion.com\/en\/2025\/07\/30\/crea-un-evento-de-moda-inolvidable-tu-marca-en-el-foco\/\" \/>\n<meta property=\"og:site_name\" content=\"NOMA Comunicaci\u00f3n | Marketing moda y belleza\" \/>\n<meta property=\"article:published_time\" content=\"2025-07-30T14:44:09+00:00\" \/>\n<meta property=\"article:modified_time\" content=\"2025-07-03T14:46:10+00:00\" \/>\n<meta property=\"og:image\" content=\"https:\/\/nomacomunicacion.com\/wp-content\/uploads\/2025\/07\/NOMA-comunicacion0.jpg\" \/>\n\t<meta property=\"og:image:width\" content=\"1000\" \/>\n\t<meta property=\"og:image:height\" content=\"667\" \/>\n\t<meta property=\"og:image:type\" content=\"image\/jpeg\" \/>\n<meta name=\"author\" content=\"Raquel Nofuentes Ram\u00edrez\" \/>\n<meta name=\"twitter:card\" content=\"summary_large_image\" \/>\n<meta name=\"twitter:label1\" content=\"Written by\" \/>\n\t<meta name=\"twitter:data1\" content=\"Raquel Nofuentes Ram\u00edrez\" \/>\n\t<meta name=\"twitter:label2\" content=\"Estimated reading time\" \/>\n\t<meta name=\"twitter:data2\" content=\"2 minutes\" \/>\n<script type=\"application\/ld+json\" class=\"yoast-schema-graph\">{\"@context\":\"https:\/\/schema.org\",\"@graph\":[{\"@type\":\"WebPage\",\"@id\":\"https:\/\/nomacomunicacion.com\/2025\/07\/30\/crea-un-evento-de-moda-inolvidable-tu-marca-en-el-foco\/\",\"url\":\"https:\/\/nomacomunicacion.com\/2025\/07\/30\/crea-un-evento-de-moda-inolvidable-tu-marca-en-el-foco\/\",\"name\":\"Crea un Evento de Moda Inolvidable: \u00a1Tu Marca en el Foco! - NOMA Comunicaci\u00f3n | Marketing moda y belleza\",\"isPartOf\":{\"@id\":\"https:\/\/nomacomunicacion.com\/#website\"},\"primaryImageOfPage\":{\"@id\":\"https:\/\/nomacomunicacion.com\/2025\/07\/30\/crea-un-evento-de-moda-inolvidable-tu-marca-en-el-foco\/#primaryimage\"},\"image\":{\"@id\":\"https:\/\/nomacomunicacion.com\/2025\/07\/30\/crea-un-evento-de-moda-inolvidable-tu-marca-en-el-foco\/#primaryimage\"},\"thumbnailUrl\":\"https:\/\/nomacomunicacion.com\/wp-content\/uploads\/2025\/07\/NOMA-comunicacion0.jpg\",\"datePublished\":\"2025-07-30T14:44:09+00:00\",\"dateModified\":\"2025-07-03T14:46:10+00:00\",\"author\":{\"@id\":\"https:\/\/nomacomunicacion.com\/#\/schema\/person\/dd8950d830c596f81c9fca6306c5028e\"},\"breadcrumb\":{\"@id\":\"https:\/\/nomacomunicacion.com\/2025\/07\/30\/crea-un-evento-de-moda-inolvidable-tu-marca-en-el-foco\/#breadcrumb\"},\"inLanguage\":\"en-GB\",\"potentialAction\":[{\"@type\":\"ReadAction\",\"target\":[\"https:\/\/nomacomunicacion.com\/2025\/07\/30\/crea-un-evento-de-moda-inolvidable-tu-marca-en-el-foco\/\"]}]},{\"@type\":\"ImageObject\",\"inLanguage\":\"en-GB\",\"@id\":\"https:\/\/nomacomunicacion.com\/2025\/07\/30\/crea-un-evento-de-moda-inolvidable-tu-marca-en-el-foco\/#primaryimage\",\"url\":\"https:\/\/nomacomunicacion.com\/wp-content\/uploads\/2025\/07\/NOMA-comunicacion0.jpg\",\"contentUrl\":\"https:\/\/nomacomunicacion.com\/wp-content\/uploads\/2025\/07\/NOMA-comunicacion0.jpg\",\"width\":1000,\"height\":667},{\"@type\":\"BreadcrumbList\",\"@id\":\"https:\/\/nomacomunicacion.com\/2025\/07\/30\/crea-un-evento-de-moda-inolvidable-tu-marca-en-el-foco\/#breadcrumb\",\"itemListElement\":[{\"@type\":\"ListItem\",\"position\":1,\"name\":\"Portada\",\"item\":\"https:\/\/nomacomunicacion.com\/\"},{\"@type\":\"ListItem\",\"position\":2,\"name\":\"Crea un Evento de Moda Inolvidable: \u00a1Tu Marca en el Foco!\"}]},{\"@type\":\"WebSite\",\"@id\":\"https:\/\/nomacomunicacion.com\/#website\",\"url\":\"https:\/\/nomacomunicacion.com\/\",\"name\":\"NOMA Comunicaci\u00f3n | Marketing moda y belleza\",\"description\":\"\",\"potentialAction\":[{\"@type\":\"SearchAction\",\"target\":{\"@type\":\"EntryPoint\",\"urlTemplate\":\"https:\/\/nomacomunicacion.com\/?s={search_term_string}\"},\"query-input\":{\"@type\":\"PropertyValueSpecification\",\"valueRequired\":true,\"valueName\":\"search_term_string\"}}],\"inLanguage\":\"en-GB\"},{\"@type\":\"Person\",\"@id\":\"https:\/\/nomacomunicacion.com\/#\/schema\/person\/dd8950d830c596f81c9fca6306c5028e\",\"name\":\"Raquel Nofuentes Ram\u00edrez\",\"sameAs\":[\"http:\/\/nomacomunicacion.com\"],\"url\":\"https:\/\/nomacomunicacion.com\/en\/author\/raquel-nofuentes\/\"}]}<\/script>\n<!-- \/ Yoast SEO plugin. -->","yoast_head_json":{"title":"Crea un Evento de Moda Inolvidable: \u00a1Tu Marca en el Foco! - NOMA Comunicaci\u00f3n | Marketing moda y belleza","robots":{"index":"index","follow":"follow","max-snippet":"max-snippet:-1","max-image-preview":"max-image-preview:large","max-video-preview":"max-video-preview:-1"},"canonical":"https:\/\/nomacomunicacion.com\/en\/2025\/07\/30\/crea-un-evento-de-moda-inolvidable-tu-marca-en-el-foco\/","og_locale":"en_GB","og_type":"article","og_title":"Crea un Evento de Moda Inolvidable: \u00a1Tu Marca en el Foco! - NOMA Comunicaci\u00f3n | Marketing moda y belleza","og_description":"\u00bfSue\u00f1as con un evento de moda que capture la esencia de tu marca y la posicione en lo m\u00e1s alto? En NOMA Comunicaci\u00f3n, tu agencia de eventos de moda y...","og_url":"https:\/\/nomacomunicacion.com\/en\/2025\/07\/30\/crea-un-evento-de-moda-inolvidable-tu-marca-en-el-foco\/","og_site_name":"NOMA Comunicaci\u00f3n | Marketing moda y belleza","article_published_time":"2025-07-30T14:44:09+00:00","article_modified_time":"2025-07-03T14:46:10+00:00","og_image":[{"width":1000,"height":667,"url":"https:\/\/nomacomunicacion.com\/wp-content\/uploads\/2025\/07\/NOMA-comunicacion0.jpg","type":"image\/jpeg"}],"author":"Raquel Nofuentes Ram\u00edrez","twitter_card":"summary_large_image","twitter_misc":{"Written by":"Raquel Nofuentes Ram\u00edrez","Estimated reading time":"2 minutes"},"schema":{"@context":"https:\/\/schema.org","@graph":[{"@type":"WebPage","@id":"https:\/\/nomacomunicacion.com\/2025\/07\/30\/crea-un-evento-de-moda-inolvidable-tu-marca-en-el-foco\/","url":"https:\/\/nomacomunicacion.com\/2025\/07\/30\/crea-un-evento-de-moda-inolvidable-tu-marca-en-el-foco\/","name":"Crea un Evento de Moda Inolvidable: \u00a1Tu Marca en el Foco! - NOMA Comunicaci\u00f3n | Marketing moda y belleza","isPartOf":{"@id":"https:\/\/nomacomunicacion.com\/#website"},"primaryImageOfPage":{"@id":"https:\/\/nomacomunicacion.com\/2025\/07\/30\/crea-un-evento-de-moda-inolvidable-tu-marca-en-el-foco\/#primaryimage"},"image":{"@id":"https:\/\/nomacomunicacion.com\/2025\/07\/30\/crea-un-evento-de-moda-inolvidable-tu-marca-en-el-foco\/#primaryimage"},"thumbnailUrl":"https:\/\/nomacomunicacion.com\/wp-content\/uploads\/2025\/07\/NOMA-comunicacion0.jpg","datePublished":"2025-07-30T14:44:09+00:00","dateModified":"2025-07-03T14:46:10+00:00","author":{"@id":"https:\/\/nomacomunicacion.com\/#\/schema\/person\/dd8950d830c596f81c9fca6306c5028e"},"breadcrumb":{"@id":"https:\/\/nomacomunicacion.com\/2025\/07\/30\/crea-un-evento-de-moda-inolvidable-tu-marca-en-el-foco\/#breadcrumb"},"inLanguage":"en-GB","potentialAction":[{"@type":"ReadAction","target":["https:\/\/nomacomunicacion.com\/2025\/07\/30\/crea-un-evento-de-moda-inolvidable-tu-marca-en-el-foco\/"]}]},{"@type":"ImageObject","inLanguage":"en-GB","@id":"https:\/\/nomacomunicacion.com\/2025\/07\/30\/crea-un-evento-de-moda-inolvidable-tu-marca-en-el-foco\/#primaryimage","url":"https:\/\/nomacomunicacion.com\/wp-content\/uploads\/2025\/07\/NOMA-comunicacion0.jpg","contentUrl":"https:\/\/nomacomunicacion.com\/wp-content\/uploads\/2025\/07\/NOMA-comunicacion0.jpg","width":1000,"height":667},{"@type":"BreadcrumbList","@id":"https:\/\/nomacomunicacion.com\/2025\/07\/30\/crea-un-evento-de-moda-inolvidable-tu-marca-en-el-foco\/#breadcrumb","itemListElement":[{"@type":"ListItem","position":1,"name":"Portada","item":"https:\/\/nomacomunicacion.com\/"},{"@type":"ListItem","position":2,"name":"Crea un Evento de Moda Inolvidable: \u00a1Tu Marca en el Foco!"}]},{"@type":"WebSite","@id":"https:\/\/nomacomunicacion.com\/#website","url":"https:\/\/nomacomunicacion.com\/","name":"NOMA Comunicaci\u00f3n | Marketing moda y belleza","description":"","potentialAction":[{"@type":"SearchAction","target":{"@type":"EntryPoint","urlTemplate":"https:\/\/nomacomunicacion.com\/?s={search_term_string}"},"query-input":{"@type":"PropertyValueSpecification","valueRequired":true,"valueName":"search_term_string"}}],"inLanguage":"en-GB"},{"@type":"Person","@id":"https:\/\/nomacomunicacion.com\/#\/schema\/person\/dd8950d830c596f81c9fca6306c5028e","name":"Raquel Nofuentes Ram\u00edrez","sameAs":["http:\/\/nomacomunicacion.com"],"url":"https:\/\/nomacomunicacion.com\/en\/author\/raquel-nofuentes\/"}]}},"_links":{"self":[{"href":"https:\/\/nomacomunicacion.com\/en\/wp-json\/wp\/v2\/posts\/542","targetHints":{"allow":["GET"]}}],"collection":[{"href":"https:\/\/nomacomunicacion.com\/en\/wp-json\/wp\/v2\/posts"}],"about":[{"href":"https:\/\/nomacomunicacion.com\/en\/wp-json\/wp\/v2\/types\/post"}],"author":[{"embeddable":true,"href":"https:\/\/nomacomunicacion.com\/en\/wp-json\/wp\/v2\/users\/3"}],"replies":[{"embeddable":true,"href":"https:\/\/nomacomunicacion.com\/en\/wp-json\/wp\/v2\/comments?post=542"}],"version-history":[{"count":1,"href":"https:\/\/nomacomunicacion.com\/en\/wp-json\/wp\/v2\/posts\/542\/revisions"}],"predecessor-version":[{"id":543,"href":"https:\/\/nomacomunicacion.com\/en\/wp-json\/wp\/v2\/posts\/542\/revisions\/543"}],"wp:featuredmedia":[{"embeddable":true,"href":"https:\/\/nomacomunicacion.com\/en\/wp-json\/wp\/v2\/media\/539"}],"wp:attachment":[{"href":"https:\/\/nomacomunicacion.com\/en\/wp-json\/wp\/v2\/media?parent=542"}],"wp:term":[{"taxonomy":"category","embeddable":true,"href":"https:\/\/nomacomunicacion.com\/en\/wp-json\/wp\/v2\/categories?post=542"},{"taxonomy":"post_tag","embeddable":true,"href":"https:\/\/nomacomunicacion.com\/en\/wp-json\/wp\/v2\/tags?post=542"}],"curies":[{"name":"wp","href":"https:\/\/api.w.org\/{rel}","templated":true}]}}